{"id":233942,"date":"2023-03-25T15:59:35","date_gmt":"2023-03-25T14:59:35","guid":{"rendered":"https:\/\/www.cronacaonline.it\/?p=233942"},"modified":"2023-03-25T15:59:38","modified_gmt":"2023-03-25T14:59:38","slug":"sanita-lassessore-doria-mai-mancata-lapertura-al-confronto-nellinteresse-dei-cittadini-no-alle-strumentalizzazioni","status":"publish","type":"post","link":"https:\/\/www.cronacaonline.it\/index.php\/2023\/03\/25\/sanita-lassessore-doria-mai-mancata-lapertura-al-confronto-nellinteresse-dei-cittadini-no-alle-strumentalizzazioni\/","title":{"rendered":"Sanit\u00e0, l\u2019assessore Doria: \u201cmai mancata l\u2019apertura al confronto nell\u2019interesse dei cittadini, no alle strumentalizzazioni\u201d."},"content":{"rendered":"\n<p>Cagliari, 25 Mar 2023 \u2013\u00a0\u201cIn una politica aperta al confronto franco e onesto\u00a0su temi di estrema importanza come la salute pubblica ho sempre auspicato l\u2019intesa maggiormente condivisa con tutte le forze politiche anche perch\u00e9 ho sempre sostenuto che la buona sanit\u00e0 non \u00e8 di destra o di sinistra ma buona e basta. Purtroppo \u00e8 gi\u00e0 iniziata evidentemente la campagna elettorale e quindi ho avuto ampiamente riprova dello scarso interesse da parte dell\u2019opposizione in genere e di alcuni consiglieri regionali in particolare a trovare soluzioni condivise ma anzi a cercare di denigrare quanto si sta facendo con tanto impegno per cercare di migliorare la sanit\u00e0 della Regione Sardegna andando talvolta anche ad \u2018utilizzare\u2019 i pazienti pi\u00f9 \u2018fragili\u2019 come gli oncologici a scopo propagandistico. Voglio ricordare una conferenza stampa del 5 gennaio del 2023 tenuta dai consiglieri regionali dell\u2019opposizione a Sassari in cui \u00e8 stato dichiarato che la mancata attivazione delle Usca per \u201cscelte scellerate\u201d dell\u2019Assessore Doria aveva creato il caos sanitario quando c\u2019era stato un divieto nazionale della loro attivazione che avevo comunicato anche in sede di commissione sanit\u00e0 regionale\u201d. Lo dichiara l\u2019assessore regionale della Sanit\u00e0, Carlo Doria, in risposta alle ultime polemiche sollevate da alcuni esponenti politici della minoranza in Consiglio regionale.<\/p>\n\n\n\n<p>\u201cChiunque voglia partecipare a dare soluzioni alle domande di salute della popolazione trover\u00e0 in me un interlocutore. Oggi non \u00e8 pi\u00f9 il tempo di riunioni che non siano operative. Oggi \u00e8 necessario dare in tempi brevi quelle risposte che i pazienti attendono da troppo tempo e quindi mi corre la responsabilit\u00e0 di scegliere con la maggioranza del consiglio regionale le soluzioni che reputo pi\u00f9 corrette che spero verranno gradite anche dai colleghi dell\u2019opposizione e non osteggiate in modo pretestuoso come purtroppo accade in questo consiglio regionale. Quindi non ho alcun problema a mettere in luce le difficolt\u00e0 di dialogo con questa opposizione ma sono sempre pronto al confronto se aperto e leale\u201d, conclude l\u2019assessore Doria. Com<\/p>\n","protected":false},"excerpt":{"rendered":"<p>Cagliari, 25 Mar 2023 \u2013\u00a0\u201cIn una politica aperta al confronto franco e onesto\u00a0su temi di estrema importanza come la salute pubblica ho sempre auspicato l\u2019intesa&#8230;<\/p>\n","protected":false},"author":2,"featured_media":229795,"comment_status":"closed","ping_status":"open","sticky":false,"template":"","format":"standard","meta":[],"categories":[49,52],"tags":[],"_links":{"self":[{"href":"https:\/\/www.cronacaonline.it\/index.php\/wp-json\/wp\/v2\/posts\/233942"}],"collection":[{"href":"https:\/\/www.cronacaonline.it\/index.php\/wp-json\/wp\/v2\/posts"}],"about":[{"href":"https:\/\/www.cronacaonline.it\/index.php\/wp-json\/wp\/v2\/types\/post"}],"author":[{"embeddable":true,"href":"https:\/\/www.cronacaonline.it\/index.php\/wp-json\/wp\/v2\/users\/2"}],"replies":[{"embeddable":true,"href":"https:\/\/www.cronacaonline.it\/index.php\/wp-json\/wp\/v2\/comments?post=233942"}],"version-history":[{"count":1,"href":"https:\/\/www.cronacaonline.it\/index.php\/wp-json\/wp\/v2\/posts\/233942\/revisions"}],"predecessor-version":[{"id":233943,"href":"https:\/\/www.cronacaonline.it\/index.php\/wp-json\/wp\/v2\/posts\/233942\/revisions\/233943"}],"wp:featuredmedia":[{"embeddable":true,"href":"https:\/\/www.cronacaonline.it\/index.php\/wp-json\/wp\/v2\/media\/229795"}],"wp:attachment":[{"href":"https:\/\/www.cronacaonline.it\/index.php\/wp-json\/wp\/v2\/media?parent=233942"}],"wp:term":[{"taxonomy":"category","embeddable":true,"href":"https:\/\/www.cronacaonline.it\/index.php\/wp-json\/wp\/v2\/categories?post=233942"},{"taxonomy":"post_tag","embeddable":true,"href":"https:\/\/www.cronacaonline.it\/index.php\/wp-json\/wp\/v2\/tags?post=233942"}],"curies":[{"name":"wp","href":"https:\/\/api.w.org\/{rel}","templated":true}]}}