{"id":233896,"date":"2023-03-24T14:33:54","date_gmt":"2023-03-24T13:33:54","guid":{"rendered":"https:\/\/www.cronacaonline.it\/?p=233896"},"modified":"2023-03-24T14:33:57","modified_gmt":"2023-03-24T13:33:57","slug":"igea-spa-assessore-pili-garantita-la-stabilita-lavorativa-al-personale-attualmente-impiegato-nella-miniera-di-genna-tres-montis","status":"publish","type":"post","link":"https:\/\/www.cronacaonline.it\/index.php\/2023\/03\/24\/igea-spa-assessore-pili-garantita-la-stabilita-lavorativa-al-personale-attualmente-impiegato-nella-miniera-di-genna-tres-montis\/","title":{"rendered":"Igea spa, Assessore Pili: garantita la stabilit\u00e0 lavorativa al personale attualmente impiegato nella miniera di Genna Tres Montis."},"content":{"rendered":"\n<p>Cagliari, 24 Mar 2023\u00a0- La Giunta Regionale, su proposta dell\u2019assessore dell\u2019Industria, in considerazione della prossima cessazione della propria operativit\u00e0 nella concessione mineraria di Genna Tres Montis, ha evidenziato l\u2019opportunit\u00e0 che il personale che non verr\u00e0 contrattualizzato dal nuovo concessionario venga\u00a0\u00a0impiegato dalla Societ\u00e0 Igea SpA preferibilmente nell\u2019ambito della gestione delle aree minerarie dismesse di competenza della societ\u00e0 Igea, presenti in aree limitrofe a quelle dei territori comunali di Silius e San Basilio.<\/p>\n\n\n\n<p>\u201cLa possibilit\u00e0 di destinare preferibilmente il personale a prestare la propria attivit\u00e0 lavorativa in altre aree minerarie dismesse di competenza di Igea SpA, presenti in aree limitrofe a quelle dei territori comunali di Silius e San Basilio \u2013 afferma l\u2019assessore Pili \u2013 rappresenta da un lato garanzia per il presidio del territorio, mediante la valorizzazione delle professionalit\u00e0 esistenti, dall\u2019altro un\u2019opportunit\u00e0 per i comuni coinvolti nell\u2019ambito di eventuali future collaborazioni con la societ\u00e0 regionale\u201d.<\/p>\n\n\n\n<p>Infine, a tutela dei lavoratori che si apprestano a terminare il percorso lavorativo avendo raggiunto l\u2019et\u00e0 pensionabile, la Giunta Regionale ha dato mandato alla societ\u00e0 di verificare la possibilit\u00e0 di individuare incentivi all'esodo. Com<\/p>\n","protected":false},"excerpt":{"rendered":"<p>Cagliari, 24 Mar 2023\u00a0&#8211; La Giunta Regionale, su proposta dell\u2019assessore dell\u2019Industria, in considerazione della prossima cessazione della propria operativit\u00e0 nella concessione mineraria di Genna Tres&#8230;<\/p>\n","protected":false},"author":2,"featured_media":233031,"comment_status":"closed","ping_status":"open","sticky":false,"template":"","format":"standard","meta":[],"categories":[49,52],"tags":[],"_links":{"self":[{"href":"https:\/\/www.cronacaonline.it\/index.php\/wp-json\/wp\/v2\/posts\/233896"}],"collection":[{"href":"https:\/\/www.cronacaonline.it\/index.php\/wp-json\/wp\/v2\/posts"}],"about":[{"href":"https:\/\/www.cronacaonline.it\/index.php\/wp-json\/wp\/v2\/types\/post"}],"author":[{"embeddable":true,"href":"https:\/\/www.cronacaonline.it\/index.php\/wp-json\/wp\/v2\/users\/2"}],"replies":[{"embeddable":true,"href":"https:\/\/www.cronacaonline.it\/index.php\/wp-json\/wp\/v2\/comments?post=233896"}],"version-history":[{"count":1,"href":"https:\/\/www.cronacaonline.it\/index.php\/wp-json\/wp\/v2\/posts\/233896\/revisions"}],"predecessor-version":[{"id":233897,"href":"https:\/\/www.cronacaonline.it\/index.php\/wp-json\/wp\/v2\/posts\/233896\/revisions\/233897"}],"wp:featuredmedia":[{"embeddable":true,"href":"https:\/\/www.cronacaonline.it\/index.php\/wp-json\/wp\/v2\/media\/233031"}],"wp:attachment":[{"href":"https:\/\/www.cronacaonline.it\/index.php\/wp-json\/wp\/v2\/media?parent=233896"}],"wp:term":[{"taxonomy":"category","embeddable":true,"href":"https:\/\/www.cronacaonline.it\/index.php\/wp-json\/wp\/v2\/categories?post=233896"},{"taxonomy":"post_tag","embeddable":true,"href":"https:\/\/www.cronacaonline.it\/index.php\/wp-json\/wp\/v2\/tags?post=233896"}],"curies":[{"name":"wp","href":"https:\/\/api.w.org\/{rel}","templated":true}]}}