{"id":233888,"date":"2023-03-24T11:58:56","date_gmt":"2023-03-24T10:58:56","guid":{"rendered":"https:\/\/www.cronacaonline.it\/?p=233888"},"modified":"2023-03-24T11:58:59","modified_gmt":"2023-03-24T10:58:59","slug":"fascicolo-elettronico-degli-edifici-pubblici-lassessore-saiu-via-alla-fase-sperimentale-sardegna-prima-regione-in-italia-a-utilizzare-questo-modello","status":"publish","type":"post","link":"https:\/\/www.cronacaonline.it\/index.php\/2023\/03\/24\/fascicolo-elettronico-degli-edifici-pubblici-lassessore-saiu-via-alla-fase-sperimentale-sardegna-prima-regione-in-italia-a-utilizzare-questo-modello\/","title":{"rendered":"Fascicolo elettronico degli edifici pubblici, l\u2019assessore Saiu: \u201cvia alla fase sperimentale. Sardegna prima regione in Italia a utilizzare questo modello\u201d."},"content":{"rendered":"\n<p>Cagliari, 24 Mar 2023\u00a0\u2013 Il Fasciolo elettronico degli edifici pubblici procede verso la fase sperimentale. Su questo tema si \u00e8 recentemente tenuto l\u2019incontro convocato, in videoconferenza, dall\u2019Assessorato regionale dei Lavori pubblici e che ha visto, tra gli altri, la partecipazione degli enti che hanno dato la propria disponibilit\u00e0 a partecipare ai progetti pilota.<\/p>\n\n\n\n<p>\u201cLa Sardegna \u00e8 la prima Regione in Italia a dotarsi di questo tipo di strumento. L\u2019obiettivo \u2013 dichiara l\u2019assessore regionale dei Lavori Pubblici, Pierluigi Saiu \u2013 \u00e8 quello di realizzare un\u2019anagrafe completa di tutti gli immobili pubblici sul nostro territorio. Per ogni immobile il fascicolo dovr\u00e0 contenere, oltre ai dati identificativi, gli elaborati tecnici e progettuali, un quadro dello stato dei luoghi e degli impianti, l\u2019eventuale presenza di barriere architettoniche, le certificazioni energetiche e sismiche\u201d.<\/p>\n\n\n\n<p>\u201cIl Fascicolo \u2013 sottolinea l\u2019assessore \u2013 \u00e8 uno strumento di grande importanza che consentir\u00e0 di ribaltare la logica degli interventi sugli edifici pubblici. Oggi la logica \u00e8 quella dell\u2019emergenza, con interventi dettati quasi sempre dalla necessit\u00e0. Il Fascicolo rappresenta invece uno strumento di programmazione su tutti i livelli. Al termine di un lavoro avviato due anni fa, attraverso un ampio coinvolgimento degli enti, abbiamo definito il modello che ora andremo a testare. In questa fase abbiamo identificato tre diverse tipologie di edificio con la collaborazione dei relativi enti: ospedaliero (Arnas G. Brotzu), residenziale (Area) e servizi (Ersu). Il test ci dir\u00e0 se e quali criticit\u00e0 gli enti troveranno in fase di redazione del fascicolo sugli immobili indicati e ci consentir\u00e0 di fare le prime valutazioni e passare cos\u00ec alla sua applicazione su vasta scala. In parallelo realizzeremo la piattaforma tecnologica che sar\u00e0 utilizzata dagli enti per l\u2019inserimento dei dati\u201d.<\/p>\n\n\n\n<p>\u201cSi tratta di un\u2019operazione complessa, in relazione alla vastit\u00e0 del patrimonio edilizio pubblico. Non sar\u00e0 raro trovarsi difronte a edifici la cui documentazione \u00e8 carente rispetto a quanto richiesto per la redazione del Fascicolo. Per questa ragione abbiamo previsto risorse a sostegno degli enti locali che dovranno integrare le certificazioni mancanti. Quello a cui vogliamo dare gambe, in tempi rapidi, \u00e8 per\u00f2 uno strumento completo e realmente funzionale\u201d, conclude l\u2019assessore Saiu.&nbsp;Com<\/p>\n","protected":false},"excerpt":{"rendered":"<p>Cagliari, 24 Mar 2023\u00a0\u2013 Il Fasciolo elettronico degli edifici pubblici procede verso la fase sperimentale. Su questo tema si \u00e8 recentemente tenuto l\u2019incontro convocato, in&#8230;<\/p>\n","protected":false},"author":2,"featured_media":232442,"comment_status":"closed","ping_status":"open","sticky":false,"template":"","format":"standard","meta":[],"categories":[49,52],"tags":[],"_links":{"self":[{"href":"https:\/\/www.cronacaonline.it\/index.php\/wp-json\/wp\/v2\/posts\/233888"}],"collection":[{"href":"https:\/\/www.cronacaonline.it\/index.php\/wp-json\/wp\/v2\/posts"}],"about":[{"href":"https:\/\/www.cronacaonline.it\/index.php\/wp-json\/wp\/v2\/types\/post"}],"author":[{"embeddable":true,"href":"https:\/\/www.cronacaonline.it\/index.php\/wp-json\/wp\/v2\/users\/2"}],"replies":[{"embeddable":true,"href":"https:\/\/www.cronacaonline.it\/index.php\/wp-json\/wp\/v2\/comments?post=233888"}],"version-history":[{"count":1,"href":"https:\/\/www.cronacaonline.it\/index.php\/wp-json\/wp\/v2\/posts\/233888\/revisions"}],"predecessor-version":[{"id":233889,"href":"https:\/\/www.cronacaonline.it\/index.php\/wp-json\/wp\/v2\/posts\/233888\/revisions\/233889"}],"wp:featuredmedia":[{"embeddable":true,"href":"https:\/\/www.cronacaonline.it\/index.php\/wp-json\/wp\/v2\/media\/232442"}],"wp:attachment":[{"href":"https:\/\/www.cronacaonline.it\/index.php\/wp-json\/wp\/v2\/media?parent=233888"}],"wp:term":[{"taxonomy":"category","embeddable":true,"href":"https:\/\/www.cronacaonline.it\/index.php\/wp-json\/wp\/v2\/categories?post=233888"},{"taxonomy":"post_tag","embeddable":true,"href":"https:\/\/www.cronacaonline.it\/index.php\/wp-json\/wp\/v2\/tags?post=233888"}],"curies":[{"name":"wp","href":"https:\/\/api.w.org\/{rel}","templated":true}]}}