{"id":233855,"date":"2023-03-23T17:10:31","date_gmt":"2023-03-23T16:10:31","guid":{"rendered":"https:\/\/www.cronacaonline.it\/?p=233855"},"modified":"2023-03-23T17:10:33","modified_gmt":"2023-03-23T16:10:33","slug":"lassessore-lai-interviene-al-convegno-conf-professioni-sardegna-piano-di-ripresa-per-i-liberi-professionisti","status":"publish","type":"post","link":"https:\/\/www.cronacaonline.it\/index.php\/2023\/03\/23\/lassessore-lai-interviene-al-convegno-conf-professioni-sardegna-piano-di-ripresa-per-i-liberi-professionisti\/","title":{"rendered":"L\u2019assessore lai interviene al convegno conf. professioni Sardegna \u201cpiano di ripresa per i liberi professionisti\u201d."},"content":{"rendered":"\n<p>Cagliari, 23 Mar 2023 \u2013\u00a0\u201cL\u2019Italia ha il maggior numero di professionisti in Europa (1,4 milioni) nonostante l\u2019inflessione negativa dovuta alla pandemia. Il Settore della libera professione \u00e8 fondamentale per la nostra economia, non solo in termini di PIL, ma anche per le opportunit\u00e0 di lavoro che offre ai giovani, che\u00a0scelgono l\u2019autoimprenditorialit\u00e0 e la libera professione per necessit\u00e0 o per scelta di vita, anche se da noi in Sardegna in misura minore rispetto al resto del Paese\u00a0(21,1% in Italia, il 14,3 in Sardegna). Fondamentale la sinergia e la concertazione tra tutte le Istituzioni per potenziare percorsi condivisi di orientamento professionale che incentivino la scelta del lavoro autonomo. Allo stesso tempo \u00e8 necessario valorizzare e\u00a0continuare a sostenere\u00a0le storiche libere professioni che hanno subito una forte contrazione del reddito a causa della pandemia. L\u2019assessorato del Lavoro \u00e8 corso ai ripari con \u201cl\u2019Avviso pubblico a sportello per la concessione di una indennit\u00e0 una tantum a compensazione del mancato reddito a favore di ditte e soggetti lavoratori autonomi\u201d e ha recentemente aumentato la dotazione finanziaria da 8 a 12 milioni per scorrere la graduatoria\u201d.<\/p>\n\n\n\n<p>Cos\u00ec l\u2019assessore regionale del Lavoro, Ada Lai \u00e8 intervenuta al convegno annuale \u201cConf professioni Sardegna Piano di ripresa per i liberi professionisti\u201d, tenutosi questo pomeriggio al Thotel di Cagliari.<\/p>\n\n\n\n<p>\u201cCome donna e assessore del lavoro - ha aggiunto Lai -&nbsp;&nbsp;esprimo grande soddisfazione per i dati relativi alle giovani professioniste sarde, per una volta in notevole vantaggio rispetto ai colleghi maschi (il 61,8% sono&nbsp;giovani donne, il 38,2 % gli uomini). Un altro tema importante da sottolineare che riguarda tutte le lavoratrici, ma ancora pi\u00f9 sentito per le libere professioniste \u00e8 quello della conciliazione del lavoro. L\u2019assessorato del Lavoro insieme a Confprofessioni ha proposto i voucher di conciliazione, che abbiamo riprogrammato con la delibera \u201cDonne e lavoro\u201d, recentemente approvata dalla Giunta regionale, che prevede un pacchetto di misure dedicate anche al mondo delle libere professioni, come i bonus occupazionali e gli interventi di microcredito. Insieme ai provvedimenti di defiscalizzazione e semplificazione amministrativa che il Governo metter\u00e0 in campo, si potr\u00e0 sostenere ancor di pi\u00f9 il settore delle e le libere professioni. Com<\/p>\n","protected":false},"excerpt":{"rendered":"<p>Cagliari, 23 Mar 2023 \u2013\u00a0\u201cL\u2019Italia ha il maggior numero di professionisti in Europa (1,4 milioni) nonostante l\u2019inflessione negativa dovuta alla pandemia. Il Settore della libera&#8230;<\/p>\n","protected":false},"author":2,"featured_media":233551,"comment_status":"closed","ping_status":"open","sticky":false,"template":"","format":"standard","meta":[],"categories":[49,52],"tags":[],"_links":{"self":[{"href":"https:\/\/www.cronacaonline.it\/index.php\/wp-json\/wp\/v2\/posts\/233855"}],"collection":[{"href":"https:\/\/www.cronacaonline.it\/index.php\/wp-json\/wp\/v2\/posts"}],"about":[{"href":"https:\/\/www.cronacaonline.it\/index.php\/wp-json\/wp\/v2\/types\/post"}],"author":[{"embeddable":true,"href":"https:\/\/www.cronacaonline.it\/index.php\/wp-json\/wp\/v2\/users\/2"}],"replies":[{"embeddable":true,"href":"https:\/\/www.cronacaonline.it\/index.php\/wp-json\/wp\/v2\/comments?post=233855"}],"version-history":[{"count":1,"href":"https:\/\/www.cronacaonline.it\/index.php\/wp-json\/wp\/v2\/posts\/233855\/revisions"}],"predecessor-version":[{"id":233856,"href":"https:\/\/www.cronacaonline.it\/index.php\/wp-json\/wp\/v2\/posts\/233855\/revisions\/233856"}],"wp:featuredmedia":[{"embeddable":true,"href":"https:\/\/www.cronacaonline.it\/index.php\/wp-json\/wp\/v2\/media\/233551"}],"wp:attachment":[{"href":"https:\/\/www.cronacaonline.it\/index.php\/wp-json\/wp\/v2\/media?parent=233855"}],"wp:term":[{"taxonomy":"category","embeddable":true,"href":"https:\/\/www.cronacaonline.it\/index.php\/wp-json\/wp\/v2\/categories?post=233855"},{"taxonomy":"post_tag","embeddable":true,"href":"https:\/\/www.cronacaonline.it\/index.php\/wp-json\/wp\/v2\/tags?post=233855"}],"curies":[{"name":"wp","href":"https:\/\/api.w.org\/{rel}","templated":true}]}}