{"id":233850,"date":"2023-03-23T17:03:14","date_gmt":"2023-03-23T16:03:14","guid":{"rendered":"https:\/\/www.cronacaonline.it\/?p=233850"},"modified":"2023-03-23T17:03:17","modified_gmt":"2023-03-23T16:03:17","slug":"trasporti-marittimi-la-sardegna-non-sara-penalizzata-dal-caro-carburanti","status":"publish","type":"post","link":"https:\/\/www.cronacaonline.it\/index.php\/2023\/03\/23\/trasporti-marittimi-la-sardegna-non-sara-penalizzata-dal-caro-carburanti\/","title":{"rendered":"Trasporti marittimi, la Sardegna non sar\u00e0 penalizzata dal caro carburanti."},"content":{"rendered":"\n<p>Cagliari, 23 Mar 2023 \u2013\u00a0La Sardegna non sar\u00e0 penalizzata dal caro carburanti e dal conseguente aumento delle tariffe dei trasporti marittimi. \u00c8 stato infatti raggiunto a Bruxelles un accordo sulla proposta di regolamento europeo sull\u2019uso di combustibili rinnovabili e a basse emissioni di carbonio (il FuelEU Maritime) che prevede esenzioni temporanee per le rotte, oggetto di concessioni e obblighi di servizio pubblico, Genova-Porto Torres, Civitavecchia-Arbatax-Cagliari, Napoli-Cagliari-Palermo e Civitavecchia-Olbia.<\/p>\n\n\n\n<p>\u201cPer la prima volta nella legislazione europea \u2013 commenta il presidente della Regione Sardegna \u2013 viene applicata una sorta di \u2018clausola di insularit\u00e0\u2019 in un settore di importanza strategica per le imprese e le famiglie sarde. Una grande vittoria per la Regione che \u00e8 intervenuta nei tavoli di lavoro di Bruxelles per portare la questione insulare all\u2019attenzione dei co-legislatori dell\u2019Ue, del Governo italiano e in particolare del ministro Pichetto Fratin, al quale personalmente avevo chiesto un sostegno incondizionato alla nostra proposta emendativa\u201d.<\/p>\n\n\n\n<p>A seguito delle istanze della Regione, il tema insulare \u00e8 stato sollevato nei negoziati che hanno poi portato all\u2019accordo di compromesso raggiunto ieri, da sottoporre ora ad approvazione formale da parte del Parlamento europeo e del Consiglio dell\u2019Unione europea.<\/p>\n\n\n\n<p>\u201cLa Regione \u2013 prosegue \u2013 pur condividendo le finalit\u00e0 ambientali del dispositivo, ha fatto presente che la normativa Ue, se da un lato promuove la decarbonizzazione dell\u2019economia europea, dall\u2019altro rischia di impattare negativamente sui costi di trasporto e conseguentemente sulle tariffe, producendo sostanziali sovra costi a carico dei cittadini e delle imprese di quei territori \u2013 in primis le isole \u2013 che hanno nel trasporto marittimo un\u2019imprescindibile infrastruttura di collegamento con le regioni continentali\u201d.<\/p>\n\n\n\n<p>La proposta di regolamento FuelEU Maritime fa parte del pi\u00f9 ampio pacchetto legislativo \u201cFit for 55\u201d, presentato dalla Commissione europea il 14 luglio 2021, contenente una serie di misure intersettoriali finalizzate a ridurre, a livello europeo, le emissioni nette di gas a effetto serra di almeno il 55% entro il 2030 rispetto ai livelli del 1990, e a raggiungere la neutralit\u00e0 climatica nel 2050. Il provvedimento, in particolare, introduce limiti sempre pi\u00f9 stringenti sull'intensit\u00e0 di carbonio dell\u2019energia utilizzata dalle navi, che dovranno utilizzare combustibili alternativi per le tratte in partenza o in arrivo da qualunque porto dell\u2019Ue, indipendentemente dalla loro bandiera. Com<\/p>\n","protected":false},"excerpt":{"rendered":"<p>Cagliari, 23 Mar 2023 \u2013\u00a0La Sardegna non sar\u00e0 penalizzata dal caro carburanti e dal conseguente aumento delle tariffe dei trasporti marittimi. \u00c8 stato infatti raggiunto&#8230;<\/p>\n","protected":false},"author":2,"featured_media":187129,"comment_status":"closed","ping_status":"open","sticky":false,"template":"","format":"standard","meta":[],"categories":[49,52],"tags":[],"_links":{"self":[{"href":"https:\/\/www.cronacaonline.it\/index.php\/wp-json\/wp\/v2\/posts\/233850"}],"collection":[{"href":"https:\/\/www.cronacaonline.it\/index.php\/wp-json\/wp\/v2\/posts"}],"about":[{"href":"https:\/\/www.cronacaonline.it\/index.php\/wp-json\/wp\/v2\/types\/post"}],"author":[{"embeddable":true,"href":"https:\/\/www.cronacaonline.it\/index.php\/wp-json\/wp\/v2\/users\/2"}],"replies":[{"embeddable":true,"href":"https:\/\/www.cronacaonline.it\/index.php\/wp-json\/wp\/v2\/comments?post=233850"}],"version-history":[{"count":1,"href":"https:\/\/www.cronacaonline.it\/index.php\/wp-json\/wp\/v2\/posts\/233850\/revisions"}],"predecessor-version":[{"id":233851,"href":"https:\/\/www.cronacaonline.it\/index.php\/wp-json\/wp\/v2\/posts\/233850\/revisions\/233851"}],"wp:featuredmedia":[{"embeddable":true,"href":"https:\/\/www.cronacaonline.it\/index.php\/wp-json\/wp\/v2\/media\/187129"}],"wp:attachment":[{"href":"https:\/\/www.cronacaonline.it\/index.php\/wp-json\/wp\/v2\/media?parent=233850"}],"wp:term":[{"taxonomy":"category","embeddable":true,"href":"https:\/\/www.cronacaonline.it\/index.php\/wp-json\/wp\/v2\/categories?post=233850"},{"taxonomy":"post_tag","embeddable":true,"href":"https:\/\/www.cronacaonline.it\/index.php\/wp-json\/wp\/v2\/tags?post=233850"}],"curies":[{"name":"wp","href":"https:\/\/api.w.org\/{rel}","templated":true}]}}