{"id":233840,"date":"2023-03-23T16:38:24","date_gmt":"2023-03-23T15:38:24","guid":{"rendered":"https:\/\/www.cronacaonline.it\/?p=233840"},"modified":"2023-03-23T16:38:27","modified_gmt":"2023-03-23T15:38:27","slug":"eurallumina-confronto-con-sindacati-e-azienda-gli-assessori-pili-porcu-e-lai-garantire-a-tutti-i-sardi-la-perequazione-dei-costi-energetici-e-la-ripresa-delloccupazione-per-i-la","status":"publish","type":"post","link":"https:\/\/www.cronacaonline.it\/index.php\/2023\/03\/23\/eurallumina-confronto-con-sindacati-e-azienda-gli-assessori-pili-porcu-e-lai-garantire-a-tutti-i-sardi-la-perequazione-dei-costi-energetici-e-la-ripresa-delloccupazione-per-i-la\/","title":{"rendered":"Eurallumina, confronto con sindacati e azienda. Gli assessori Pili, Porcu e Lai: \u201cgarantire a tutti i sardi la perequazione dei costi energetici, e la ripresa dell\u2019occupazione per i lavoratori. A breve vertice con il Mase\u201d."},"content":{"rendered":"\n<p>Cagliari, 23 Mar 2023\u00a0\u2013 \u201cLa Regione vuole che i sardi siano posti tutti sullo stesso livello e possano godere di una tariffa energetica perequata. Allo stesso modo, vogliamo che i lavoratori possano riprendere al pi\u00f9 presto la loro posizione in azienda. Per questo, stiamo sollecitando il governo nazionale affinch\u00e9 venga riaperto il tavolo di crisi su Eurallumina, anche alla luce delle controdeduzioni inviate dalla societ\u00e0\u201d. Lo affermano gli assessori dell\u2019Industria, dell\u2019Ambiente e del Lavoro, Anita Pili, Marco Porcu e Ada Lai, che questa mattina hanno tenuto un incontro sul futuro della ripresa produttiva dell'Eurallumina con i rappresentanti dell'azienda, di Confindustria, le segreterie nazionali, regionali e provinciali della categoria dei chimici di Cgil, Cisl e Uil e le Rsa di fabbrica.\u00a0<\/p>\n\n\n\n<p>\u201cIl Presidente della Regone \u2013 affermano gli esponenti della Giunta \u2013 oggi \u00e8 a Roma per affrontare, tra le altre, anche la questione energetica, e sar\u00e0 con noi domani per ribadire l\u2019esigenza di riaprire il tavolo di crisi su Eurallumina al Ministero\u201d.&nbsp;<\/p>\n\n\n\n<p>\u201cLa Regione \u2013 ha spiegato l\u2019assessore dell\u2019Industria, Anita Pili \u2013 non vuole che in Sardegna ci siano cittadini di serie A, che possano godere di una tariffa perequata, e cittadini di serie B che avrebbero invece una tariffa a libero mercato. Questo \u00e8 il motivo per cui la Regione Sardegna ha ritenuto opportuno impugnare il Dpcm Draghi sull\u2019energia. Adesso \u00e8 il momento di stare tutti uniti, lavoratori e Regione, perch\u00e9 noi siamo al vostro fianco, cos\u00ec come siamo vicini alla societ\u00e0 che in questi anni ha continuato, come noi, a credere fermamente su questo territorio, con grossi investimenti. Al di l\u00e0 dei colori politici, infatti, tutti noi siamo convinti che mantenere quel presidio industriale sia fondamentale non solo per il Sulcis ma per la Sardegna intera. In questi anni abbiamo avuto diverse interlocuzioni, con i Governi nazionali che si sono succeduti, senza dimenticare alcuna vertenza\u201d.<\/p>\n\n\n\n<p>\u201cPer quanto riguarda la possibilit\u00e0 dell\u2019escavo \u2013 hanno proseguito gli assessori Pili e Porcu \u2013 \u00e8 importante valutare anche soluzioni infrastrutturali alternative, che siano pi\u00f9 agevoli anche in termini di tempo. L\u2019impegno \u00e8 quello di chiudere entro giugno la partita del decreto Energia, in accordo con il Governo, senza dover aspettare la sentenza del Consiglio di Stato prevista per novembre\u201d.&nbsp;<\/p>\n\n\n\n<p>\u201c\u00c8 necessario \u2013 ha detto ancora l\u2019assessore Pili \u2013 definire in che modo il dragaggio del porto industriale possa essere gestito in tempi pi\u00f9 celeri cos\u00ec da permettere ad Eurallumina di avere il gas, che deve per\u00f2 arrivare in maniera perequata a tutto il territorio regionale. Ad oggi, purtroppo, mancano le condizioni strutturali per permettere alla Fsru di entrare a Portovesme: il nostro obiettivo \u00e8 fare in modo che nel momento in cui si arriver\u00e0 all\u2019accordo tra governo regionale e nazionale, si possa immediatamente intervenire con un\u2019infrastruttura necessaria a garantire l\u2019arrivo del gas in quel territorio\u201d.&nbsp;<\/p>\n\n\n\n<p>\u201cSono arrivate all\u2019Assessorato dell\u2019Ambiente \u2013 ha detto l\u2019assessore Porcu \u2013 le controdeduzioni della societ\u00e0. Adesso siamo quindi in attesa della nota del Ministero dell'Ambiente e della Sicurezza Energetica, per avere ulteriori chiarimenti prima di convocare la conferenza dei servizi entro maggio. In seguito, la Giunta potr\u00e0 cos\u00ec rilasciare il Provvedimento Unico Regionale in Materia Ambientale\u201d.<\/p>\n\n\n\n<p>\u201cEurallumina \u2013 ha dichiarato l\u2019assessore del Lavoro, Ada Lai \u2013 rappresenta una fabbrica strategica per la filiera dell'alluminio e per l\u2019economia della Sardegna. La Regione garantisce la sicurezza sociale dei suoi lavoratori: per tutto il 2023 saranno coperti dalla cassa integrazione straordinaria. L\u2019addendum che firmeremo a breve, con il Ministero, consentir\u00e0 di estendere ulteriormente gli ammortizzatori sociali. L\u2019assessorato del Lavoro \u00e8 pronto a sostenere i lavoratori mettendo in campo anche politiche attive per il lavoro. Certo, la cassa integrazione \u00e8 una soluzione temporanea, in attesa della ripresa produttiva dello stabilimento\u201d.<\/p>\n","protected":false},"excerpt":{"rendered":"<p>Cagliari, 23 Mar 2023\u00a0\u2013 \u201cLa Regione vuole che i sardi siano posti tutti sullo stesso livello e possano godere di una tariffa energetica perequata. Allo&#8230;<\/p>\n","protected":false},"author":2,"featured_media":233841,"comment_status":"closed","ping_status":"open","sticky":false,"template":"","format":"standard","meta":[],"categories":[49,52],"tags":[],"_links":{"self":[{"href":"https:\/\/www.cronacaonline.it\/index.php\/wp-json\/wp\/v2\/posts\/233840"}],"collection":[{"href":"https:\/\/www.cronacaonline.it\/index.php\/wp-json\/wp\/v2\/posts"}],"about":[{"href":"https:\/\/www.cronacaonline.it\/index.php\/wp-json\/wp\/v2\/types\/post"}],"author":[{"embeddable":true,"href":"https:\/\/www.cronacaonline.it\/index.php\/wp-json\/wp\/v2\/users\/2"}],"replies":[{"embeddable":true,"href":"https:\/\/www.cronacaonline.it\/index.php\/wp-json\/wp\/v2\/comments?post=233840"}],"version-history":[{"count":1,"href":"https:\/\/www.cronacaonline.it\/index.php\/wp-json\/wp\/v2\/posts\/233840\/revisions"}],"predecessor-version":[{"id":233842,"href":"https:\/\/www.cronacaonline.it\/index.php\/wp-json\/wp\/v2\/posts\/233840\/revisions\/233842"}],"wp:featuredmedia":[{"embeddable":true,"href":"https:\/\/www.cronacaonline.it\/index.php\/wp-json\/wp\/v2\/media\/233841"}],"wp:attachment":[{"href":"https:\/\/www.cronacaonline.it\/index.php\/wp-json\/wp\/v2\/media?parent=233840"}],"wp:term":[{"taxonomy":"category","embeddable":true,"href":"https:\/\/www.cronacaonline.it\/index.php\/wp-json\/wp\/v2\/categories?post=233840"},{"taxonomy":"post_tag","embeddable":true,"href":"https:\/\/www.cronacaonline.it\/index.php\/wp-json\/wp\/v2\/tags?post=233840"}],"curies":[{"name":"wp","href":"https:\/\/api.w.org\/{rel}","templated":true}]}}