{"id":233834,"date":"2023-03-23T14:47:30","date_gmt":"2023-03-23T13:47:30","guid":{"rendered":"https:\/\/www.cronacaonline.it\/?p=233834"},"modified":"2023-03-23T14:47:34","modified_gmt":"2023-03-23T13:47:34","slug":"dichiarazione-del-deputato-sassarese-del-partito-democratico-silvio-lai","status":"publish","type":"post","link":"https:\/\/www.cronacaonline.it\/index.php\/2023\/03\/23\/dichiarazione-del-deputato-sassarese-del-partito-democratico-silvio-lai\/","title":{"rendered":"Dichiarazione del Deputato sassarese del Partito Democratico Silvio Lai."},"content":{"rendered":"\n<p>Cagliari, 23 Mar 2023 - Sulla evasione dal carcere \"Badu \u2018e Carros\" di Nuoro, il viceministro della Giustizia Sisto, rispondendo ad una interrogazione a mia prima firma insieme al collega Gianassi, ammette il totale fallimento del Governo.<\/p>\n\n\n\n<p>Sisto infatti avvalora ci\u00f2 che gi\u00e0 si sapeva. Nel carcere di Nuoro vi sono gravi carenze tecnologiche ed umane che risultano incompatibili con la catalogazione dell'istituto al rango di massima sicurezza. Per di pi\u00f9, afferma in una nota il Deputato Pd Silvio Lai, ad un mese dall'evasione di un boss estremamente pericoloso, il vice ministro ha spacciato per soluzioni la sostituzione di un presunto responsabile interno e la convocazione del comitato dell\u2019ordine pubblico il cui esito \u00e8 stato che sar\u00e0 il Comune di Nuoro a finanziare nuove telecamere di sicurezza.<\/p>\n\n\n\n<p>Per i cittadini di Nuoro dopo il danno anche la beffa. Dovranno pagare i costi della messa in sicurezza come se non bastasse gi\u00e0 il fatto che ogni giorno vivono il pericolo di un carcere che \u00e8 dentro la citt\u00e0 e dal quale in pieno giorno \u00e8 riuscita a fuggire una persona che ha potuto contare sull'aiuto esterno della criminalit\u00e0 organizzata.&nbsp;<\/p>\n\n\n\n<p>A questi cittadini cosa risponde il viceministro Sisto? Che, come lui ha fatto, le carte sono secretato perch\u00e9 sono in corso le indagini della Magistratura?&nbsp;<\/p>\n\n\n\n<p>Troppo poco \u2013 conclude l\u2019On. Lai per chi dovrebbe garantire alle nostre comunit\u00e0 giustizia e sicurezza.&nbsp;Red<\/p>\n","protected":false},"excerpt":{"rendered":"<p>Cagliari, 23 Mar 2023 &#8211; Sulla evasione dal carcere &#8220;Badu \u2018e Carros&#8221; di Nuoro, il viceministro della Giustizia Sisto, rispondendo ad una interrogazione a mia&#8230;<\/p>\n","protected":false},"author":2,"featured_media":136002,"comment_status":"closed","ping_status":"open","sticky":false,"template":"","format":"standard","meta":[],"categories":[49,52],"tags":[],"_links":{"self":[{"href":"https:\/\/www.cronacaonline.it\/index.php\/wp-json\/wp\/v2\/posts\/233834"}],"collection":[{"href":"https:\/\/www.cronacaonline.it\/index.php\/wp-json\/wp\/v2\/posts"}],"about":[{"href":"https:\/\/www.cronacaonline.it\/index.php\/wp-json\/wp\/v2\/types\/post"}],"author":[{"embeddable":true,"href":"https:\/\/www.cronacaonline.it\/index.php\/wp-json\/wp\/v2\/users\/2"}],"replies":[{"embeddable":true,"href":"https:\/\/www.cronacaonline.it\/index.php\/wp-json\/wp\/v2\/comments?post=233834"}],"version-history":[{"count":1,"href":"https:\/\/www.cronacaonline.it\/index.php\/wp-json\/wp\/v2\/posts\/233834\/revisions"}],"predecessor-version":[{"id":233835,"href":"https:\/\/www.cronacaonline.it\/index.php\/wp-json\/wp\/v2\/posts\/233834\/revisions\/233835"}],"wp:featuredmedia":[{"embeddable":true,"href":"https:\/\/www.cronacaonline.it\/index.php\/wp-json\/wp\/v2\/media\/136002"}],"wp:attachment":[{"href":"https:\/\/www.cronacaonline.it\/index.php\/wp-json\/wp\/v2\/media?parent=233834"}],"wp:term":[{"taxonomy":"category","embeddable":true,"href":"https:\/\/www.cronacaonline.it\/index.php\/wp-json\/wp\/v2\/categories?post=233834"},{"taxonomy":"post_tag","embeddable":true,"href":"https:\/\/www.cronacaonline.it\/index.php\/wp-json\/wp\/v2\/tags?post=233834"}],"curies":[{"name":"wp","href":"https:\/\/api.w.org\/{rel}","templated":true}]}}