{"id":232612,"date":"2023-02-21T11:29:04","date_gmt":"2023-02-21T10:29:04","guid":{"rendered":"https:\/\/www.cronacaonline.it\/?p=232612"},"modified":"2023-02-21T11:29:07","modified_gmt":"2023-02-21T10:29:07","slug":"cultura-approvati-i-contributi-per-progetti-di-promozione-della-lettura-e-festival-letterari-di-interesse-regionale-nazionale-ed-internazionale","status":"publish","type":"post","link":"https:\/\/www.cronacaonline.it\/index.php\/2023\/02\/21\/cultura-approvati-i-contributi-per-progetti-di-promozione-della-lettura-e-festival-letterari-di-interesse-regionale-nazionale-ed-internazionale\/","title":{"rendered":"Cultura: approvati i contributi per progetti di promozione della lettura e festival letterari di interesse regionale, nazionale ed internazionale."},"content":{"rendered":"\n<p>Cagliari, 21 Feb 2023 -\u00a0La Giunta regionale ha proceduto alla revisione dei criteri di ammissibilit\u00e0, valutazione e rendicontazione per i contributi dei progetti di promozione della lettura e Festival letterari di interesse regionale, nazionale ed internazionale.<\/p>\n\n\n\n<p>L\u2019assessore alla Cultura, Andrea Biancareddu sottolinea che a causa dei persistenti effetti economici negativi derivanti dalla crisi Ucraina, nonch\u00e9 da quelli ulteriori derivanti dall'aumento dei costi energetici, risulta sempre pi\u00f9 difficile, per le grandi manifestazioni consolidate, riuscire a garantire il cofinanziamento che era stato stabilito e richiesto. Pertanto, prosegue Biancareddu, al fine di evitare di perdere importanti manifestazioni che contribuiscono alla promozione del libro e della lettura come strumento per la crescita individuale e per lo sviluppo civile, culturale, sociale ed economico dei cittadini, sono state apportate alcune modifiche ai criteri, in particolare all'importo del contributo e alla percentuale di cofinanziamento.&nbsp;<\/p>\n\n\n\n<p>Si proceder\u00e0 prioritariamente all'assegnazione dei contributi per le grandi manifestazioni consolidate, destinando la restante quota dello stanziamento disponibile alla procedura dei contributi ordinari.&nbsp;<\/p>\n\n\n\n<p>Sono ammessi alla selezione, associazioni, comitati, fondazioni, societ\u00e0 cooperative, con o senza personalit\u00e0 giuridica, senza scopo di lucro e che prevedano attivit\u00e0 di promozione della cultura e\/o della lettura stabili. Enti locali singoli o associati. Inoltre, per accedere ai contributi devono avere una sede operativa stabile in Sardegna, avere adeguata capacit\u00e0 tecnico organizzativa documentata sulla base delle attivit\u00e0 realizzate, avere utilizzato regolarmente i contributi erogati nei cinque anni precedenti, avere realizzato nell\u2019anno precedente a quello per il quale si richiede il contributo almeno la decima&nbsp;edizione della manifestazione,&nbsp;prevedere un preventivo finanziario del progetto di almeno 80 mila euro.&nbsp;<\/p>\n\n\n\n<p>Saranno ammessi a finanziamento i progetti che comprendano una variet\u00e0 di attivit\u00e0 di promozione e diffusione del libro e della lettura (incontri con l\u2019autore, reading letterari, presentazione di libri, anche accompagnate da attivit\u00e0 laboratoriali e artistiche. Le attivit\u00e0 principali di promozione della lettura dovranno rappresentare almeno il 60% di tutte le attivit\u00e0 proposte. Le stesse manifestazioni dovranno svolgersi prevalentemente in Sardegna in luogo pubblico o aperto al pubblico che prevedano l\u2019ingresso gratuito ad almeno il 70% delle attivit\u00e0. Com<\/p>\n","protected":false},"excerpt":{"rendered":"<p>Cagliari, 21 Feb 2023 &#8211;\u00a0La Giunta regionale ha proceduto alla revisione dei criteri di ammissibilit\u00e0, valutazione e rendicontazione per i contributi dei progetti di promozione&#8230;<\/p>\n","protected":false},"author":2,"featured_media":230442,"comment_status":"closed","ping_status":"open","sticky":false,"template":"","format":"standard","meta":[],"categories":[49,52],"tags":[],"_links":{"self":[{"href":"https:\/\/www.cronacaonline.it\/index.php\/wp-json\/wp\/v2\/posts\/232612"}],"collection":[{"href":"https:\/\/www.cronacaonline.it\/index.php\/wp-json\/wp\/v2\/posts"}],"about":[{"href":"https:\/\/www.cronacaonline.it\/index.php\/wp-json\/wp\/v2\/types\/post"}],"author":[{"embeddable":true,"href":"https:\/\/www.cronacaonline.it\/index.php\/wp-json\/wp\/v2\/users\/2"}],"replies":[{"embeddable":true,"href":"https:\/\/www.cronacaonline.it\/index.php\/wp-json\/wp\/v2\/comments?post=232612"}],"version-history":[{"count":1,"href":"https:\/\/www.cronacaonline.it\/index.php\/wp-json\/wp\/v2\/posts\/232612\/revisions"}],"predecessor-version":[{"id":232613,"href":"https:\/\/www.cronacaonline.it\/index.php\/wp-json\/wp\/v2\/posts\/232612\/revisions\/232613"}],"wp:featuredmedia":[{"embeddable":true,"href":"https:\/\/www.cronacaonline.it\/index.php\/wp-json\/wp\/v2\/media\/230442"}],"wp:attachment":[{"href":"https:\/\/www.cronacaonline.it\/index.php\/wp-json\/wp\/v2\/media?parent=232612"}],"wp:term":[{"taxonomy":"category","embeddable":true,"href":"https:\/\/www.cronacaonline.it\/index.php\/wp-json\/wp\/v2\/categories?post=232612"},{"taxonomy":"post_tag","embeddable":true,"href":"https:\/\/www.cronacaonline.it\/index.php\/wp-json\/wp\/v2\/tags?post=232612"}],"curies":[{"name":"wp","href":"https:\/\/api.w.org\/{rel}","templated":true}]}}