{"id":232522,"date":"2023-02-18T15:20:34","date_gmt":"2023-02-18T14:20:34","guid":{"rendered":"https:\/\/www.cronacaonline.it\/?p=232522"},"modified":"2023-02-18T15:21:06","modified_gmt":"2023-02-18T14:21:06","slug":"sanita-assessore-sanita-sardegna-doria-nasce-a-ghilarza-il-primo-ospedale-di-comunita-della-sardegna","status":"publish","type":"post","link":"https:\/\/www.cronacaonline.it\/index.php\/2023\/02\/18\/sanita-assessore-sanita-sardegna-doria-nasce-a-ghilarza-il-primo-ospedale-di-comunita-della-sardegna\/","title":{"rendered":"Sanit\u00e0, Assessore Sanit\u00e0 Sardegna Doria: nasce a Ghilarza il primo ospedale di comunit\u00e0 della Sardegna."},"content":{"rendered":"\n<p>Ghilarza (SS), 18 Feb 2023\u00a0\u2013 \u201cStiamo realizzando un nuovo modello di sanit\u00e0, moderno e sostenibile, in grado di mettere al centro i cittadini con i loro bisogni di cure e assistenza. Oggi segniamo un traguardo importante nel percorso che abbiamo fissato nell\u2019ambito dell\u2019attuazione del DM 77 e della realizzazione degli interventi previsti nella Missione 6 del Pnrr sul nostro territorio. Il primo ospedale di comunit\u00e0 della Sardegna \u00e8 oggi una realt\u00e0 al servizio dei cittadini\u201d.<\/p>\n\n\n\n<p>Lo dichiara in una nota il Presidente della Regione Sardegna, in occasione dell\u2019inaugurazione dell\u2019ospedale di comunit\u00e0 nella struttura sanitaria dell\u2019ospedale Delogu a Ghilarza: il primo ospedale di comunit\u00e0, a entrare in funzione, dei tredici complessivamente previsti su tutto il territorio regionale per un investimento di oltre 40milioni di euro.<\/p>\n\n\n\n<p>Gi\u00e0 avviati i primi ricoveri. Presenti al taglio del nastro l\u2019assessore regionale della Sanit\u00e0, Carlo Doria, i vertici della Asl di Oristano e i rappresentanti delle istituzioni locali.<\/p>\n\n\n\n<figure class=\"wp-block-image size-full is-resized\"><img loading=\"lazy\" src=\"https:\/\/www.cronacaonline.it\/wp-content\/uploads\/2023\/02\/ass-doria-ospedale-di-comunita-ghilarza-2.jpeg\" alt=\"\" class=\"wp-image-232524\" width=\"732\" height=\"488\" srcset=\"https:\/\/www.cronacaonline.it\/wp-content\/uploads\/2023\/02\/ass-doria-ospedale-di-comunita-ghilarza-2.jpeg 600w, https:\/\/www.cronacaonline.it\/wp-content\/uploads\/2023\/02\/ass-doria-ospedale-di-comunita-ghilarza-2-300x200.jpeg 300w\" sizes=\"(max-width: 732px) 100vw, 732px\" \/><\/figure>\n\n\n\n<p>L\u2019ospedale di comunit\u00e0 \u00e8 ospitato al secondo piano dell\u2019ospedale Delogu, in locali adeguatamente riorganizzati ed attrezzati con un modulo di 20 posti letto, dove, in regime multiprofessionale, operano medici ospedalieri, infermieri, Oss, fisioterapisti e specialisti ambulatoriali. Ogni paziente \u00e8 affidato a un \u2018case manager\u2019, un operatore infermieristico di riferimento che si fa carico di tutte le esigenze del paziente e che, all\u2019occorrenza, istruisce i familiari e i caregiver per prepararli alla gestione domiciliare del paziente.<\/p>\n\n\n\n<p>\u201cL\u2019ospedale di comunit\u00e0 \u2013 spiega l\u2019assessore Doria \u2013 \u00e8 una struttura intermedia tra l\u2019ospedale per acuti e il rientro a casa o verso strutture residenziali. Qui vengono accolti i pazienti che presentano una serie di condizioni sanitarie che renderebbero inappropriato il ricovero nei reparti a pi\u00f9 alta intensit\u00e0 di cure, ma che necessitano comunque di assistenza ospedaliera\u201d.<\/p>\n\n\n\n<p>\u201cParliamo in particolare di pazienti cronici o fragili \u2013 precisa l\u2019assessore in riferimento all\u2019assistenza all\u2019interno dell\u2019ospedale di comunit\u00e0 \u2013 clinicamente stabili provenienti dal domicilio, per i quali il ricovero \u00e8 indicato a causa del peggioramento di una patologia pregressa, oppure di pazienti ricoverati in strutture ospedaliere per acuti, da cui, ad esempio, potrebbero essere dimessi ma che presentano comunque condizioni tali da richiedere un\u2019assistenza infermieristica continuativa per la somministrazione di farmaci e la gestione di presidi e dispositivi. L\u2019accesso al ricovero, previsto per brevi periodi, pu\u00f2 essere richiesto dal medico di famiglia, dallo specialista ambulatoriale, dai reparti ospedalieri per acuti o dal pronto soccorso\u201d.<\/p>\n\n\n\n<p>\u201cNel caso della struttura ospedaliera del Delogu \u2013 precisa l\u2019assessore \u2013 la presenza della Radiologia, del Laboratorio analisi, della Chirurgia, del 118 e della Continuit\u00e0 assistenziale costituiscono elementi di completamento importanti per l\u2019assistenza\u201d.<\/p>\n\n\n\n<p>\u201cLa realizzazione dell\u2019ospedale di comunit\u00e0 di Ghilarza rappresenta un passo importante verso il nuovo assetto dell\u2019assistenza territoriale, di cui fanno parte anche le case della comunit\u00e0 e le centrali operative territoriali. La pandemia ha evidenziato la fragilit\u00e0 della medicina del territorio nel nostro sistema sanitario. Ospedale e territorio non sono compartimenti stagni, ma un sistema di vasi comunicanti: avere strutture intermedie in grado di dare risposte appropriate significa ridurre la pressione sugli ospedali che potranno cos\u00ec recuperare la propria vocazione all\u2019assistenza ad alta intensit\u00e0 di cure, garantendo una maggiore efficienza dell\u2019intero sistema sanitario\u201d. Com<\/p>\n","protected":false},"excerpt":{"rendered":"<p>Ghilarza (SS), 18 Feb 2023\u00a0\u2013 \u201cStiamo realizzando un nuovo modello di sanit\u00e0, moderno e sostenibile, in grado di mettere al centro i cittadini con i&#8230;<\/p>\n","protected":false},"author":2,"featured_media":232523,"comment_status":"closed","ping_status":"open","sticky":false,"template":"","format":"standard","meta":[],"categories":[49,52],"tags":[],"_links":{"self":[{"href":"https:\/\/www.cronacaonline.it\/index.php\/wp-json\/wp\/v2\/posts\/232522"}],"collection":[{"href":"https:\/\/www.cronacaonline.it\/index.php\/wp-json\/wp\/v2\/posts"}],"about":[{"href":"https:\/\/www.cronacaonline.it\/index.php\/wp-json\/wp\/v2\/types\/post"}],"author":[{"embeddable":true,"href":"https:\/\/www.cronacaonline.it\/index.php\/wp-json\/wp\/v2\/users\/2"}],"replies":[{"embeddable":true,"href":"https:\/\/www.cronacaonline.it\/index.php\/wp-json\/wp\/v2\/comments?post=232522"}],"version-history":[{"count":2,"href":"https:\/\/www.cronacaonline.it\/index.php\/wp-json\/wp\/v2\/posts\/232522\/revisions"}],"predecessor-version":[{"id":232526,"href":"https:\/\/www.cronacaonline.it\/index.php\/wp-json\/wp\/v2\/posts\/232522\/revisions\/232526"}],"wp:featuredmedia":[{"embeddable":true,"href":"https:\/\/www.cronacaonline.it\/index.php\/wp-json\/wp\/v2\/media\/232523"}],"wp:attachment":[{"href":"https:\/\/www.cronacaonline.it\/index.php\/wp-json\/wp\/v2\/media?parent=232522"}],"wp:term":[{"taxonomy":"category","embeddable":true,"href":"https:\/\/www.cronacaonline.it\/index.php\/wp-json\/wp\/v2\/categories?post=232522"},{"taxonomy":"post_tag","embeddable":true,"href":"https:\/\/www.cronacaonline.it\/index.php\/wp-json\/wp\/v2\/tags?post=232522"}],"curies":[{"name":"wp","href":"https:\/\/api.w.org\/{rel}","templated":true}]}}