{"id":232497,"date":"2023-02-17T18:43:06","date_gmt":"2023-02-17T17:43:06","guid":{"rendered":"https:\/\/www.cronacaonline.it\/?p=232497"},"modified":"2023-02-17T18:43:08","modified_gmt":"2023-02-17T17:43:08","slug":"pesca-lassessore-satta-a-santanna-arresi-per-incontrare-i-rappresentanti-del-comparto","status":"publish","type":"post","link":"https:\/\/www.cronacaonline.it\/index.php\/2023\/02\/17\/pesca-lassessore-satta-a-santanna-arresi-per-incontrare-i-rappresentanti-del-comparto\/","title":{"rendered":"Pesca, l\u2019assessore Satta a Sant\u2019anna Arresi per incontrare i rappresentanti del comparto."},"content":{"rendered":"\n<p>Sant\u2019Anna Arresi (Su), 17 Feb 2023\u00a0\u2013 \u201cPrendo atto con estrema soddisfazione della realt\u00e0 di Sant\u2019Anna Arresi, un territorio in crescita demografica e in cui tanti giovani si avvicinano con orgoglio ai settori fondamentali della nostra economia quali l\u2019agricoltura, l\u2019allevamento e la pesca\u201d. Lo ha detto l\u2019assessore dell\u2019Agricoltura, Valeria Satta, che questa mattina si \u00e8 recata a Sant\u2019Anna Arresi dove ha incontrato il sindaco Maria Teresa Diana e ha partecipato ad un\u2019assemblea dei rappresentanti del comparto pesca dell\u2019intera area del Sulcis. Hanno preso parte all\u2019incontro i rappresentanti della Uila Pesca regionale e nazionale, e delle associazioni Armatori, Associazione Generale Cooperative Italiane e Unione Nazionale Cooperative Italiane.<\/p>\n\n\n\n<p>\u201cCome gli altri settori dell\u2019assessorato che presiedo \u2013 ha osservato l\u2019assessore dell\u2019Agricoltura \u2013 anche&nbsp;quello della pesca \u00e8 una delle colonne portanti per l\u2019economia del nostro territorio. Occorre adottare un punto di vista globale in quanto, come per ogni comparto, anche per la pesca sono implicati molteplici punti di vista: quello ambientale e naturalistico, quello economico e quello occupazionale.<\/p>\n\n\n\n<p>La regione \u00e8 al fianco dei lavoratori e delle associazioni che li rappresentano. Vediamo con orgoglio, infatti, che tanti giovani hanno la ferma volont\u00e0 di restare nel Sulcis, territorio connotato da una straordinaria bellezza paesaggistica ma segnato, purtroppo, da una grave crisi occupazionale. La volont\u00e0 di coloro che scommettono sulle proprie radici va' quindi, a maggior ragione, premiata\u201d.<\/p>\n\n\n\n<p>\u201cLaddove la politica regionale ha facolt\u00e0 di intervenire direttamente \u2013 spiega Satta \u2013 lo fa, ad esempio con i decreti relativi ai fermi biologici, essenziali per il recupero della fauna marina e, di conseguenza, per la stabilit\u00e0 lavorativa sul lungo periodo\u201d.<\/p>\n\n\n\n<p>Tra le proposte emerse durante gli incontri, permangono gli interventi di riconversione ed ammodernamento delle attrezzature per una fruizione pi\u00f9 congrua delle aree di attivit\u00e0, una politica incentivante di recupero dei detriti marini, in primis la plastica. Si chiede anche di poter suddividere le quantit\u00e0 del pescato sulla base dei criteri di sbarco, per consentire a tutte le imbarcazioni di avere un quantitativo di pesca accidentale consentito.<\/p>\n\n\n\n<p>Inoltre, come sottolineato anche dal Comandante della Guardia Costiera di Sant\u2019Antioco, il Tenente di Vascello Fabio Vaccaro, \u00e8 fondamentale che la pesca a strascico e quella con le nasse tornino a convivere in maniera armonica: per questo \u00e8 in fase di studio un nuovo regolamento che andrebbe per\u00f2 integrato, secondo i sindacati, dalla regolamentazione relativa al numero delle nasse per barca.<\/p>\n\n\n\n<p>\u201cConvocheremo al pi\u00f9 presto un altro tavolo tecnico per decidere se optare per la riconversione, per gli indennizzi, o per conciliare entrambe le soluzioni\u201d ha concluso l\u2019esponente della Giunta sarda che al termine dell\u2019incontro con le parti sociali e sindacali ha fatto visita al porticciolo di Porto Pino. Com<\/p>\n","protected":false},"excerpt":{"rendered":"<p>Sant\u2019Anna Arresi (Su), 17 Feb 2023\u00a0\u2013 \u201cPrendo atto con estrema soddisfazione della realt\u00e0 di Sant\u2019Anna Arresi, un territorio in crescita demografica e in cui tanti&#8230;<\/p>\n","protected":false},"author":2,"featured_media":232498,"comment_status":"closed","ping_status":"open","sticky":false,"template":"","format":"standard","meta":[],"categories":[49,52],"tags":[],"_links":{"self":[{"href":"https:\/\/www.cronacaonline.it\/index.php\/wp-json\/wp\/v2\/posts\/232497"}],"collection":[{"href":"https:\/\/www.cronacaonline.it\/index.php\/wp-json\/wp\/v2\/posts"}],"about":[{"href":"https:\/\/www.cronacaonline.it\/index.php\/wp-json\/wp\/v2\/types\/post"}],"author":[{"embeddable":true,"href":"https:\/\/www.cronacaonline.it\/index.php\/wp-json\/wp\/v2\/users\/2"}],"replies":[{"embeddable":true,"href":"https:\/\/www.cronacaonline.it\/index.php\/wp-json\/wp\/v2\/comments?post=232497"}],"version-history":[{"count":1,"href":"https:\/\/www.cronacaonline.it\/index.php\/wp-json\/wp\/v2\/posts\/232497\/revisions"}],"predecessor-version":[{"id":232500,"href":"https:\/\/www.cronacaonline.it\/index.php\/wp-json\/wp\/v2\/posts\/232497\/revisions\/232500"}],"wp:featuredmedia":[{"embeddable":true,"href":"https:\/\/www.cronacaonline.it\/index.php\/wp-json\/wp\/v2\/media\/232498"}],"wp:attachment":[{"href":"https:\/\/www.cronacaonline.it\/index.php\/wp-json\/wp\/v2\/media?parent=232497"}],"wp:term":[{"taxonomy":"category","embeddable":true,"href":"https:\/\/www.cronacaonline.it\/index.php\/wp-json\/wp\/v2\/categories?post=232497"},{"taxonomy":"post_tag","embeddable":true,"href":"https:\/\/www.cronacaonline.it\/index.php\/wp-json\/wp\/v2\/tags?post=232497"}],"curies":[{"name":"wp","href":"https:\/\/api.w.org\/{rel}","templated":true}]}}