{"id":232492,"date":"2023-02-17T17:14:21","date_gmt":"2023-02-17T16:14:21","guid":{"rendered":"https:\/\/www.cronacaonline.it\/?p=232492"},"modified":"2023-02-17T17:14:23","modified_gmt":"2023-02-17T16:14:23","slug":"formazione-giunta-approva-linee-guida-e-learning-lassessore-lai-formazione-a-distanza-grande-opportunita-per-un-sistema-formativo-moderno-al-passo-con-i-tempi","status":"publish","type":"post","link":"https:\/\/www.cronacaonline.it\/index.php\/2023\/02\/17\/formazione-giunta-approva-linee-guida-e-learning-lassessore-lai-formazione-a-distanza-grande-opportunita-per-un-sistema-formativo-moderno-al-passo-con-i-tempi\/","title":{"rendered":"Formazione, giunta approva linee guida e-learning. L\u2019assessore Lai: \u201cformazione a distanza grande opportunit\u00e0 per un sistema formativo moderno al passo con i tempi\u201d."},"content":{"rendered":"\n<p>Cagliari, 17 Feb 2023 -\u00a0La Giunta regionale, su proposta dell\u2019assessore del lavoro, Ada lai, nell\u2019ultima seduta, ha approvato le linee guida per la formazione a distanza.<\/p>\n\n\n\n<p>\u201cLa formazione a distanza - afferma l\u2019assessore del Lavoro Ada Lai - \u00e8 un settore in espansione ed in continua evoluzione, che la pandemia ha consolidato, mostrando agli occhi di tutti il suo potenziale. Il contatto umano \u00e8 l\u2019interazione saranno sempre aspetti fondamentali per l'apprendimento - ha aggiunto Lai -&nbsp;&nbsp;ma \u00e8 nostro dovere valorizzare e disciplinare anche questa modalit\u00e0 didattica come una grande opportunit\u00e0 per un sistema formativo moderno e al passo con i tempi, in grado di coinvolgere un maggior numero di persone e di sviluppare le&nbsp;competenze necessarie per inserirsi nel mercato del lavoro\u201d.<\/p>\n\n\n\n<p>Il provvedimento fa seguito all\u2019accordo approvato in sede di Conferenza Stato Regioni di individuare, dopo la cessazione dello stato di emergenza sanitaria da Covid-19, degli standards minimi relativi alle modalit\u00e0 di erogazione della Formazione a Distanza, anche nei percorsi di formazione professionale regionale non regolamentata. In particolare, oltre a prendere atto delle modalit\u00e0 di calcolo della formazione a distanza nei casi ordinari, prevede la possibilit\u00e0 di riconoscere una percentuale superiore di E-learning (fino al 100% del monte ore teorico) qualora tra i destinatari vi sia almeno un partecipante con specifiche necessit\u00e0 personali, le attivit\u00e0 formative siano realizzate in base a particolari esigenze di programmazione territoriale o debbano essere armonizzate con le caratteristiche delle organizzazioni d\u2019impresa.&nbsp;Com<\/p>\n","protected":false},"excerpt":{"rendered":"<p>Cagliari, 17 Feb 2023 &#8211;\u00a0La Giunta regionale, su proposta dell\u2019assessore del lavoro, Ada lai, nell\u2019ultima seduta, ha approvato le linee guida per la formazione a&#8230;<\/p>\n","protected":false},"author":2,"featured_media":231046,"comment_status":"closed","ping_status":"open","sticky":false,"template":"","format":"standard","meta":[],"categories":[49,52],"tags":[],"_links":{"self":[{"href":"https:\/\/www.cronacaonline.it\/index.php\/wp-json\/wp\/v2\/posts\/232492"}],"collection":[{"href":"https:\/\/www.cronacaonline.it\/index.php\/wp-json\/wp\/v2\/posts"}],"about":[{"href":"https:\/\/www.cronacaonline.it\/index.php\/wp-json\/wp\/v2\/types\/post"}],"author":[{"embeddable":true,"href":"https:\/\/www.cronacaonline.it\/index.php\/wp-json\/wp\/v2\/users\/2"}],"replies":[{"embeddable":true,"href":"https:\/\/www.cronacaonline.it\/index.php\/wp-json\/wp\/v2\/comments?post=232492"}],"version-history":[{"count":1,"href":"https:\/\/www.cronacaonline.it\/index.php\/wp-json\/wp\/v2\/posts\/232492\/revisions"}],"predecessor-version":[{"id":232493,"href":"https:\/\/www.cronacaonline.it\/index.php\/wp-json\/wp\/v2\/posts\/232492\/revisions\/232493"}],"wp:featuredmedia":[{"embeddable":true,"href":"https:\/\/www.cronacaonline.it\/index.php\/wp-json\/wp\/v2\/media\/231046"}],"wp:attachment":[{"href":"https:\/\/www.cronacaonline.it\/index.php\/wp-json\/wp\/v2\/media?parent=232492"}],"wp:term":[{"taxonomy":"category","embeddable":true,"href":"https:\/\/www.cronacaonline.it\/index.php\/wp-json\/wp\/v2\/categories?post=232492"},{"taxonomy":"post_tag","embeddable":true,"href":"https:\/\/www.cronacaonline.it\/index.php\/wp-json\/wp\/v2\/tags?post=232492"}],"curies":[{"name":"wp","href":"https:\/\/api.w.org\/{rel}","templated":true}]}}