{"id":232474,"date":"2023-02-17T11:31:14","date_gmt":"2023-02-17T10:31:14","guid":{"rendered":"https:\/\/www.cronacaonline.it\/?p=232474"},"modified":"2023-02-17T11:31:16","modified_gmt":"2023-02-17T10:31:16","slug":"scuola-biancareddu-via-libera-definitivo-al-piano-di-programmazione-della-rete-scolastica-e-dellofferta-formativa-della-regione-per-lanno-scolastico-2023-2024","status":"publish","type":"post","link":"https:\/\/www.cronacaonline.it\/index.php\/2023\/02\/17\/scuola-biancareddu-via-libera-definitivo-al-piano-di-programmazione-della-rete-scolastica-e-dellofferta-formativa-della-regione-per-lanno-scolastico-2023-2024\/","title":{"rendered":"Scuola: Biancareddu, via libera definitivo al piano di programmazione della rete scolastica e dell\u2019offerta formativa della regione per l\u2019anno scolastico 2023\/2024."},"content":{"rendered":"\n<p>Cagliari, 17 Feb 2023 \u2013\u00a0Con il parere favorevole espresso dalla competente Commissione Consiliare per l'acquisizione del parere di competenza, \u00e8 stata approvata definitivamente la programmazione della rete scolastica e dell\u2019offerta formativa della Regione Sardegna per l\u2019anno scolastico 2023\/2024.<\/p>\n\n\n\n<p>La Seconda Commissione Consiliare aveva richiesto alcuni approfondimenti in merito alla soppressione dell\u2019Autonomia scolastica \u201cDirezione Didattica Via Is Mirrionis\u201d nel Comune di Cagliari e alla soppressione del punto di erogazione della scuola secondaria di primo grado di Scano di Montiferro.<\/p>\n\n\n\n<p>In merito alle osservazioni espresse dalla Seconda Commissione consiliare, l\u2019Assessore della Pubblica Istruzione, Andrea Biancareddu, ha sottolineato che le richieste di soppressione delle Autonomie Scolastiche e dei punti di erogazione del servizio, sono state deliberate dai Comuni interessati e approvate in seno alle competenti Conferenze provinciali. Pertanto la Regione, in sede di Piano Regionale, ha recepito esclusivamente quanto proposto dai territori, purch\u00e9 conforme a quanto disposto nelle Linee Guida Regionali. La volont\u00e0 dei territori, sottolinea Biancareddu, \u00e8 stata quella di non apportare modifiche rilevanti alla rete scolastica sarda, fatte salve le specifiche richieste di riorganizzazione proposte e approvate nei piani provinciali.<\/p>\n\n\n\n<p>Il Piano di Programmazione \u00e8 stato stilato in base alle indicazioni pervenute da parte delle Conferenze Provinciali competenti per territorio.<\/p>\n\n\n\n<p>Per quanto concerne la rete scolastica sono state recepite le richieste dei territori di non apportare modifiche rilevanti alla rete scolastica esistente. Per la programmazione 2023\/2024, sono state pertanto accolte le modifiche espressamente approvate in sede di Piani provinciali, volte in particolare al superamento delle Autonomie non correttamente parametrate sia rispetto ai parametri in deroga che ai parametri normativi della legge nazionale.<\/p>\n\n\n\n<p>In merito alla programmazione della rete scolastica, Biancareddu ha evidenziato le difficolt\u00e0 espresse dai territori in merito al processo di riorganizzazione della propria rete locale e delle criticit\u00e0 che gli Enti locali coinvolti nel processo, si sono trovati a dover affrontare per garantire un equilibrio tra le diverse istanze locali e i vincoli stringenti imposti dalla normativa nazionale per l\u2019attribuzione delle dirigenze.&nbsp;<\/p>\n\n\n\n<p>Biancareddu inoltre precisa che l\u2019intervento normativo nazionale che disciplina la riforma del sistema di dimensionamento della rete scolastica nazionale, mira ad adeguare la rete scolastica all\u2019andamento anagrafico della popolazione studentesca, applicando anche alcuni correttivi che tengono conto delle specifiche criticit\u00e0 di alcuni territori: comuni montani, piccole isole, minoranze linguistiche. La norma prosegue l\u2019Assessore, consentir\u00e0 alle Regioni di provvedere autonomamente al dimensionamento scolastico, sulla base del contingente di organico assegnato secondo i criteri definiti, su base triennale con eventuali aggiornamenti annuali, con decreto del Ministro dell'istruzione, di concerto con il Ministro dell'economia e delle finanze, previo accordo in sede di Conferenza unificata. In caso di mancato accordo, il contingente organico dei dirigenti scolastici e dei direttori dei servizi generali e amministrativi e la sua distribuzione tra le regioni saranno definiti con decreto del Ministro dell'istruzione.&nbsp;<\/p>\n\n\n\n<p>\u201cSu questo punto, ritengo doveroso ricordare che la deroga ai parametri previsti dalla normativa statale vigente ha carattere transitorio, pertanto le Istituzioni scolastiche saranno di nuovo considerate normo dimensionate, esclusivamente sulla base della normativa di carattere generale (parametri 400\/600 studenti), con le conseguenti e ormai note difficolt\u00e0 connesse all\u2019attribuzione delle reggenze e della gestione tecnico amministrativa e organizzativa dell\u2019istituzione scolastica. Sono inoltre perfettamente consapevole delle difficolt\u00e0 che gli Enti locali incontrano nel processo di dimensionamento soprattutto nel trovare un costante equilibro tra le esigenze del territorio e la definizione di una rete scolastica correttamente parametrata, tuttavia ricordare l\u2019importanza per le Autonomie scolastiche, di disporre in via continuativa della presenza del Dirigente Scolastico e del Direttore dei Servizi Generali e Amministrativi al fine di garantire una maggiore funzionalit\u00e0 organizzativa e gestionale per una programmazione scolastica efficiente.\u201d&nbsp;<\/p>\n\n\n\n<p>\u201cNegli ultimi anni \u2013 dice ancora l\u2019assessore Biancareddu \u2013 la Regione ha mantenuto tutti i punti di erogazione del servizio esistenti e nel Piano regionale, sono state inserite le proposte di soppressione dei punti di erogazione del servizio deliberati e approvati dalle Conferenze provinciali\u201c. Com<\/p>\n","protected":false},"excerpt":{"rendered":"<p>Cagliari, 17 Feb 2023 \u2013\u00a0Con il parere favorevole espresso dalla competente Commissione Consiliare per l&#8217;acquisizione del parere di competenza, \u00e8 stata approvata definitivamente la programmazione&#8230;<\/p>\n","protected":false},"author":2,"featured_media":230442,"comment_status":"closed","ping_status":"open","sticky":false,"template":"","format":"standard","meta":[],"categories":[49,52],"tags":[],"_links":{"self":[{"href":"https:\/\/www.cronacaonline.it\/index.php\/wp-json\/wp\/v2\/posts\/232474"}],"collection":[{"href":"https:\/\/www.cronacaonline.it\/index.php\/wp-json\/wp\/v2\/posts"}],"about":[{"href":"https:\/\/www.cronacaonline.it\/index.php\/wp-json\/wp\/v2\/types\/post"}],"author":[{"embeddable":true,"href":"https:\/\/www.cronacaonline.it\/index.php\/wp-json\/wp\/v2\/users\/2"}],"replies":[{"embeddable":true,"href":"https:\/\/www.cronacaonline.it\/index.php\/wp-json\/wp\/v2\/comments?post=232474"}],"version-history":[{"count":1,"href":"https:\/\/www.cronacaonline.it\/index.php\/wp-json\/wp\/v2\/posts\/232474\/revisions"}],"predecessor-version":[{"id":232475,"href":"https:\/\/www.cronacaonline.it\/index.php\/wp-json\/wp\/v2\/posts\/232474\/revisions\/232475"}],"wp:featuredmedia":[{"embeddable":true,"href":"https:\/\/www.cronacaonline.it\/index.php\/wp-json\/wp\/v2\/media\/230442"}],"wp:attachment":[{"href":"https:\/\/www.cronacaonline.it\/index.php\/wp-json\/wp\/v2\/media?parent=232474"}],"wp:term":[{"taxonomy":"category","embeddable":true,"href":"https:\/\/www.cronacaonline.it\/index.php\/wp-json\/wp\/v2\/categories?post=232474"},{"taxonomy":"post_tag","embeddable":true,"href":"https:\/\/www.cronacaonline.it\/index.php\/wp-json\/wp\/v2\/tags?post=232474"}],"curies":[{"name":"wp","href":"https:\/\/api.w.org\/{rel}","templated":true}]}}