{"id":232436,"date":"2023-02-16T17:01:17","date_gmt":"2023-02-16T16:01:17","guid":{"rendered":"https:\/\/www.cronacaonline.it\/?p=232436"},"modified":"2023-02-16T17:01:19","modified_gmt":"2023-02-16T16:01:19","slug":"monte-pino-lassessore-saiu-accelerare-i-tempi-sulla-realizzazione-degli-interventi-impegno-comune-delle-istituzioni","status":"publish","type":"post","link":"https:\/\/www.cronacaonline.it\/index.php\/2023\/02\/16\/monte-pino-lassessore-saiu-accelerare-i-tempi-sulla-realizzazione-degli-interventi-impegno-comune-delle-istituzioni\/","title":{"rendered":"Monte pino, l\u2019assessore Saiu: \u201caccelerare i tempi, sulla realizzazione degli interventi impegno comune delle istituzioni\u201d."},"content":{"rendered":"\n<p>Cagliari, 16 Feb 2023 \u2013\u00a0Un nuovo impulso per concludere nei tempi pi\u00f9 rapidi il percorso verso la riapertura della strada di Monte Pino, chiusa da nove anni in seguito ai danni del ciclone Cleopatra. Con questo obiettivo l\u2019assessore regionale dei Lavori Pubblici, Pierluigi Saiu, e il vicepresidente della Giunta e assessore alla Programmazione e Bilancio, Giuseppe Fasolino, hanno riunito i vertici di Anas e della Provincia della Gallura, soggetti esecutori degli interventi, nell\u2019ambito di un incontro che si \u00e8 tenuto questa mattina e a cui hanno preso parte anche i Consiglieri regionali del territorio.<\/p>\n\n\n\n<p>\u201cUn incontro \u2013 dichiara l\u2019assessore Saiu \u2013&nbsp;che \u00e8 servito a confermare l\u2019impegno comune delle istituzioni per risolvere una situazione difficile che va avanti da troppo tempo. Oggi Anas ha riferito sullo stato d\u2019avanzamento del cantiere, che procede dopo tante vicissitudini. La Provincia della Gallura ci ha invece comunicato di aver affidato l\u2019appalto per la progettazione delle opere di propria competenza. Abbiamo deciso di riunirci nuovamente tra un mese quando avremo a disposizione il progetto di fattibilit\u00e0 tecnica ed economica relativamente agli interventi della Provincia, abbiamo per\u00f2 confermato fin da subito l\u2019impegno della Regione a dare copertura ai maggiori costi che dovessero presentarsi. Andremo avanti con prudenza e determinazione, ma senza fare sconti. Il territorio attende da troppo tempo\u201d.<\/p>\n\n\n\n<p>\u201cEra fondamentale fare un incontro su questa&nbsp;strada,&nbsp;importante per il territorio, che sta rischiando di diventare un'incompiuta. Dovevamo fare una fotografia della situazione attuale e stabilire un cronoprogramma, anche di incontri intermedi, che consentano di accelerare i tempi, perch\u00e9 non si pu\u00f2 pi\u00f9 aspettare\u201d, dichiara l\u2019assessore Fasolino. Com<\/p>\n","protected":false},"excerpt":{"rendered":"<p>Cagliari, 16 Feb 2023 \u2013\u00a0Un nuovo impulso per concludere nei tempi pi\u00f9 rapidi il percorso verso la riapertura della strada di Monte Pino, chiusa da&#8230;<\/p>\n","protected":false},"author":2,"featured_media":232437,"comment_status":"closed","ping_status":"open","sticky":false,"template":"","format":"standard","meta":[],"categories":[49,52],"tags":[],"_links":{"self":[{"href":"https:\/\/www.cronacaonline.it\/index.php\/wp-json\/wp\/v2\/posts\/232436"}],"collection":[{"href":"https:\/\/www.cronacaonline.it\/index.php\/wp-json\/wp\/v2\/posts"}],"about":[{"href":"https:\/\/www.cronacaonline.it\/index.php\/wp-json\/wp\/v2\/types\/post"}],"author":[{"embeddable":true,"href":"https:\/\/www.cronacaonline.it\/index.php\/wp-json\/wp\/v2\/users\/2"}],"replies":[{"embeddable":true,"href":"https:\/\/www.cronacaonline.it\/index.php\/wp-json\/wp\/v2\/comments?post=232436"}],"version-history":[{"count":1,"href":"https:\/\/www.cronacaonline.it\/index.php\/wp-json\/wp\/v2\/posts\/232436\/revisions"}],"predecessor-version":[{"id":232438,"href":"https:\/\/www.cronacaonline.it\/index.php\/wp-json\/wp\/v2\/posts\/232436\/revisions\/232438"}],"wp:featuredmedia":[{"embeddable":true,"href":"https:\/\/www.cronacaonline.it\/index.php\/wp-json\/wp\/v2\/media\/232437"}],"wp:attachment":[{"href":"https:\/\/www.cronacaonline.it\/index.php\/wp-json\/wp\/v2\/media?parent=232436"}],"wp:term":[{"taxonomy":"category","embeddable":true,"href":"https:\/\/www.cronacaonline.it\/index.php\/wp-json\/wp\/v2\/categories?post=232436"},{"taxonomy":"post_tag","embeddable":true,"href":"https:\/\/www.cronacaonline.it\/index.php\/wp-json\/wp\/v2\/tags?post=232436"}],"curies":[{"name":"wp","href":"https:\/\/api.w.org\/{rel}","templated":true}]}}