{"id":232431,"date":"2023-02-16T14:20:54","date_gmt":"2023-02-16T13:20:54","guid":{"rendered":"https:\/\/www.cronacaonline.it\/?p=232431"},"modified":"2023-02-16T14:20:56","modified_gmt":"2023-02-16T13:20:56","slug":"consiglio-sardegna-commissione-cultura-approvato-allunanimita-il-programma-delle-attivita-del-corecom","status":"publish","type":"post","link":"https:\/\/www.cronacaonline.it\/index.php\/2023\/02\/16\/consiglio-sardegna-commissione-cultura-approvato-allunanimita-il-programma-delle-attivita-del-corecom\/","title":{"rendered":"Consiglio Sardegna &#8211; Commissione Cultura, approvato all&#8217;unanimit\u00e0 il programma delle attivit\u00e0 del Corecom."},"content":{"rendered":"\n<p>Cagliari, 16 Feb 2023 \u2013 La Seconda commissione (Cultura e Lavoro), presieduta da Sara Canu (FdI), ha approvato all\u2019unanimit\u00e0 il programma delle attivit\u00e0 del Corecom per l\u2019anno 2023, con uno stanziamento previsto di 265mila euro. L\u2019approvazione \u00e8 arrivata dopo l\u2019audizione del presidente del Corecom Sardegna, Sergio Nuvoli, che ha illustrato le attivit\u00e0 del Comitato e ha auspicato una rapida approvazione da parte del Consiglio regionale per avere le risorse disponibili e programmare i tanti progetti previsti. Tra le richieste di Nuvoli anche quella di avere un incremento dell\u2019organico per consentire di rispettare la convenzione con l\u2019Agcom.<\/p>\n\n\n\n<p>\u201cL\u2019approvazione del programma \u00e8 un passaggio fondamentale per consentire al Comitato di dare attuazione alle importanti attivit\u00e0 che deve svolgere. Ritengo \u2013 ha affermato la presidente Canu \u2013 che, tra i progetti proposti, tutti importanti e interessanti, il monitoraggio del sistema dell\u2019informazione in Sardegna non sia pi\u00f9 rimandabile.<\/p>\n\n\n\n<p>Il Comitato, ha spiegato il presidente Nuvoli, si occuper\u00e0, infatti, del monitoraggio del sistema dell\u2019informazione in Sardegna con l\u2019aggiornamento del volume sul \u201cSistema dell\u2019Informazione in Sardegna\u201d, ma anche dell\u2019attuazione della legge sul cyberbullismo, approvata dal Consiglio regionale, del progetto Media Education e della vigilanza sulla par condicio nel periodo delle campagne elettorali. Tra i progetti del 2023, anche, il Premio dedicato alla memoria del giornalista Gianni Massa, \u201cstorico responsabile dell\u2019Agi Sardegna per 40 anni, distintosi per professionalit\u00e0 e correttezza\u201d, che quest\u2019anno riguarder\u00e0 il tema \u201cL\u2019insularit\u00e0 nelle costituzioni\u201d.<\/p>\n\n\n\n<p>\u201cUna importante attivit\u00e0 che il Comitato intende realizzare \u00e8 la compartecipazione, gi\u00e0 deliberata nell\u2019anno precedente, alle spese sostenute dall\u2019Universit\u00e0 degli Studi di Sassari per l\u2019attivazione del Master Universitario di I livello in \u201cEducazione ai media, alfabetizzazione digitale e orientamento alla complessit\u00e0\u201d, ha affermato Nuvoli. \u201cIl contributo del Corecom Sardegna consentir\u00e0 di abbattere le spese di iscrizione per quanti e quante sceglieranno di frequentarlo. Con il Master, il Corecom Sardegna, in coerenza con le proprie finalit\u00e0 istituzionali, - ha continuato - si propone come alleato di quanti, anche a livello locale, svolgono attivit\u00e0 volte ad una pi\u00f9 capillare media education. In questo modo si dar\u00e0 cos\u00ec compiuta attuazione alla delega di funzioni dell\u2019Agcom relativa alla media education, anche con il supporto finanziario \u2013 di cui si \u00e8 gi\u00e0 discusso nell\u2019anno precedente \u2013 all\u2019iniziativa realizzata da una rete di scuole di cui \u00e8 capofila il Liceo Castelv\u00ec di Sassari, e di cui si dir\u00e0 pi\u00f9 oltre. Allo stesso modo il Comitato si adoperer\u00e0 per continuare a svolgere, in modo sempre pi\u00f9 efficiente e puntuale, le altre funzioni delegate dall\u2019Agcom, il tutto nell\u2019ottica di una rinnovata e rafforzata collaborazione alla luce della recente delibera Corecom n. 54\/2021 concernente la Convenzione per l\u2019esercizio delle funzioni delegate tra Autorit\u00e0 per le garanzie nelle comunicazioni, Consiglio regionale della Sardegna e Comitato regionale per le comunicazioni della Regione Autonoma della Sardegna, di cui si attende il rinnovo affinch\u00e9 alcune iniziative e relative spese possano essere operative. L\u2019auspicio per il 2023 \u00e8 che il Comitato possa essere pienamente operativo e possa far conoscere agli utenti le sue attivit\u00e0\u201d. Nuvoli ha anche proposto l\u2019attivazione di una campagna di comunicazione integrata e sviluppata su vari media che punti a far conoscere il Comitato, con particolare riferimento alle attivit\u00e0, delegate dall\u2019Agcom, riguardanti le conciliazioni e le definizioni, che soltanto nel 2021 hanno riguardato circa 1800 pratiche e tra le 1500 e le 1800 nel 2022. Un\u2019attivit\u00e0 importante, ha spiegato il presidente del Comitato, ancora troppo poco conosciuta dagli utenti\u201d.<\/p>\n\n\n\n<p>Nel corso della seduta \u00e8 intervenuta la consigliera Desir\u00e9 Manca (M5S), che chiesto, in particolare, se ci sia la possibilit\u00e0 di estendere il monitoraggio del rispetto della par condicio a tutto l\u2019anno e non soltanto al periodo delle consultazioni elettorali. Sono intervenuti anche la consigliera Laura Caddeo (Alleanza Europa Verde - Sinistra - Possibile - Art.1) e il collega della Lega, Ignazio Manca, eletto segretario della Commissione. Com<\/p>\n","protected":false},"excerpt":{"rendered":"<p>Cagliari, 16 Feb 2023 \u2013 La Seconda commissione (Cultura e Lavoro), presieduta da Sara Canu (FdI), ha approvato all\u2019unanimit\u00e0 il programma delle attivit\u00e0 del Corecom&#8230;<\/p>\n","protected":false},"author":2,"featured_media":192512,"comment_status":"closed","ping_status":"open","sticky":false,"template":"","format":"standard","meta":[],"categories":[49,52],"tags":[],"_links":{"self":[{"href":"https:\/\/www.cronacaonline.it\/index.php\/wp-json\/wp\/v2\/posts\/232431"}],"collection":[{"href":"https:\/\/www.cronacaonline.it\/index.php\/wp-json\/wp\/v2\/posts"}],"about":[{"href":"https:\/\/www.cronacaonline.it\/index.php\/wp-json\/wp\/v2\/types\/post"}],"author":[{"embeddable":true,"href":"https:\/\/www.cronacaonline.it\/index.php\/wp-json\/wp\/v2\/users\/2"}],"replies":[{"embeddable":true,"href":"https:\/\/www.cronacaonline.it\/index.php\/wp-json\/wp\/v2\/comments?post=232431"}],"version-history":[{"count":1,"href":"https:\/\/www.cronacaonline.it\/index.php\/wp-json\/wp\/v2\/posts\/232431\/revisions"}],"predecessor-version":[{"id":232432,"href":"https:\/\/www.cronacaonline.it\/index.php\/wp-json\/wp\/v2\/posts\/232431\/revisions\/232432"}],"wp:featuredmedia":[{"embeddable":true,"href":"https:\/\/www.cronacaonline.it\/index.php\/wp-json\/wp\/v2\/media\/192512"}],"wp:attachment":[{"href":"https:\/\/www.cronacaonline.it\/index.php\/wp-json\/wp\/v2\/media?parent=232431"}],"wp:term":[{"taxonomy":"category","embeddable":true,"href":"https:\/\/www.cronacaonline.it\/index.php\/wp-json\/wp\/v2\/categories?post=232431"},{"taxonomy":"post_tag","embeddable":true,"href":"https:\/\/www.cronacaonline.it\/index.php\/wp-json\/wp\/v2\/tags?post=232431"}],"curies":[{"name":"wp","href":"https:\/\/api.w.org\/{rel}","templated":true}]}}