{"id":232351,"date":"2023-02-14T16:07:01","date_gmt":"2023-02-14T15:07:01","guid":{"rendered":"https:\/\/www.cronacaonline.it\/?p=232351"},"modified":"2023-02-14T16:07:03","modified_gmt":"2023-02-14T15:07:03","slug":"sardi-nel-mondo-lassessore-lai-interviene-a-roma-al-convegno-gli-italiani-nel-mondo-risorsa-del-territorio-il-caso-dellemigrazione-sarda","status":"publish","type":"post","link":"https:\/\/www.cronacaonline.it\/index.php\/2023\/02\/14\/sardi-nel-mondo-lassessore-lai-interviene-a-roma-al-convegno-gli-italiani-nel-mondo-risorsa-del-territorio-il-caso-dellemigrazione-sarda\/","title":{"rendered":"Sardi nel mondo. L\u2019assessore lai interviene a Roma al convegno \u201cgli italiani nel mondo risorsa del territorio. Il caso dell\u2019emigrazione sarda\u201d."},"content":{"rendered":"\n<p>Roma, 14 Feb 2023 \u2013\u00a0\u201cGli italiani nel mondo risorsa del territorio. Il caso dell\u2019emigrazione sarda\u201d \u00e8 il tema dell\u2019incontro organizzato oggi, a Roma nella sala stampa della Camera dei deputati, da Fabio Porta, deputato eletto nel collegio dell\u2019America Latina, per fare conoscere all\u2019opinione pubblica nazionale il valore dell\u2019emigrazione regionale. La Sardegna al centro del confronto, con la presentazione dello studio di Aldo Aledda \u201cSardi in fuga in Italia e dall\u2019Italia. Politica, amministrazione e societ\u00e0 in Sardegna nell\u2019era delle moderne migrazioni\u201d.<\/p>\n\n\n\n<p>Partendo dalla riflessione su ci\u00f2 che \u00e8 accaduto e perch\u00e9 \u00e8 accaduto il \u201ccaso Sardegna\u201d \u00e8 particolarmente interessante. L\u2019Isola, infatti, pur essendo stata l\u2019ultima a dare il proprio contributo ai grandi flussi migratori italiani dell\u2019Otto\/Novecento, dal Secondo Dopoguerra, quando ha conosciuto essa stessa l\u2019emigrazione di massa, \u00e8 divenuta gradualmente la regione leader in Italia per gli interventi finanziari e per le specifiche politiche a sostegno dei propri emigrati. Ancora oggi, \u00e8 quella che stanzia maggiori fondi a favore delle organizzazioni degli emigrati cercando di provvedere alle molteplici esigenze di chi esce dall\u2019Isola o cerca di rientrarvi.<\/p>\n\n\n\n<p>Oltre al deputato Fabio Porta, e all\u2019autore del libro, Aldo Aledda, al convegno sono intervenuti, l\u2019assessore regionale del lavoro, Ada lai, i parlamentari sardi Pietro Pittalis, Salvatore Deidda, Silvio Lai e Alessandra Todde, i dirigenti regionali, il presidente della FASI Bastianino Mossa e la coordinatrice dei giovani Sara Nicole Cancedda.<\/p>\n\n\n\n<p>Cos\u00ec l\u2019assessore regionale del lavoro, Ada Lai: \u201cLa Sardegna si sta riprendendo dalla crisi economica mondiale del 2008 e da quella pandemica che hanno ulteriormente aggravato il fenomeno dell\u2019emigrazione. Occorre rispondere alle nuove esigenze cercando di far coincidere gli interessi dei vecchi emigrati e dei loro discendenti con quelli dei residenti in Sardegna. La nuova economia chiama - ha proseguito l\u2019esponente della Giunta Solinas - bisogna ancora fare passi avanti con i trasporti, l\u2019energia, la fiscalit\u00e0 di vantaggio, le infrastrutture, l\u2019agricoltura, i servizi e la sanit\u00e0 e valorizzare meglio ambiente e cultura, per destagionalizzare il turismo e per contrastare lo spopolamento e l\u2019abbandono dei giovani. Con i fondi del PNRR, quelli europei e quelli regionali e con il lavoro come obiettivo, con politiche attive pi\u00f9 concrete, incontro tra imprese e disoccupati, formazione diretta, informazione diffusa. Per queste ragioni, anche con la Conferenza Internazionale dell\u2019Emigrazione, in programma a Cagliari il 28 e 29 aprile prossimi, cercheremo di costruire le linee programmatiche della nuova politica dell\u2019emigrazione, nell\u2019ottica di una nuova fase nel rapporto con i sardi fuori e nel nome di una Sardegna allargata, in cui ci si sposta per un fisiologico scambio di conoscenze e di occasioni di vita e non pi\u00f9 per una necessit\u00e0 che stringe il cuore\u201d.<\/p>\n\n\n\n<p>Il confronto \u00e8 proseguito nel circolo sardo Acrase \u201cMaria Lai i Sardi a Roma APS\u201d per approfondire i temi legati alla promozione e al sostegno della rete dell\u2019emigrazione in Italia e nel mondo.&nbsp;Com<\/p>\n","protected":false},"excerpt":{"rendered":"<p>Roma, 14 Feb 2023 \u2013\u00a0\u201cGli italiani nel mondo risorsa del territorio. Il caso dell\u2019emigrazione sarda\u201d \u00e8 il tema dell\u2019incontro organizzato oggi, a Roma nella sala&#8230;<\/p>\n","protected":false},"author":2,"featured_media":232352,"comment_status":"closed","ping_status":"open","sticky":false,"template":"","format":"standard","meta":[],"categories":[49,52],"tags":[],"_links":{"self":[{"href":"https:\/\/www.cronacaonline.it\/index.php\/wp-json\/wp\/v2\/posts\/232351"}],"collection":[{"href":"https:\/\/www.cronacaonline.it\/index.php\/wp-json\/wp\/v2\/posts"}],"about":[{"href":"https:\/\/www.cronacaonline.it\/index.php\/wp-json\/wp\/v2\/types\/post"}],"author":[{"embeddable":true,"href":"https:\/\/www.cronacaonline.it\/index.php\/wp-json\/wp\/v2\/users\/2"}],"replies":[{"embeddable":true,"href":"https:\/\/www.cronacaonline.it\/index.php\/wp-json\/wp\/v2\/comments?post=232351"}],"version-history":[{"count":1,"href":"https:\/\/www.cronacaonline.it\/index.php\/wp-json\/wp\/v2\/posts\/232351\/revisions"}],"predecessor-version":[{"id":232353,"href":"https:\/\/www.cronacaonline.it\/index.php\/wp-json\/wp\/v2\/posts\/232351\/revisions\/232353"}],"wp:featuredmedia":[{"embeddable":true,"href":"https:\/\/www.cronacaonline.it\/index.php\/wp-json\/wp\/v2\/media\/232352"}],"wp:attachment":[{"href":"https:\/\/www.cronacaonline.it\/index.php\/wp-json\/wp\/v2\/media?parent=232351"}],"wp:term":[{"taxonomy":"category","embeddable":true,"href":"https:\/\/www.cronacaonline.it\/index.php\/wp-json\/wp\/v2\/categories?post=232351"},{"taxonomy":"post_tag","embeddable":true,"href":"https:\/\/www.cronacaonline.it\/index.php\/wp-json\/wp\/v2\/tags?post=232351"}],"curies":[{"name":"wp","href":"https:\/\/api.w.org\/{rel}","templated":true}]}}