{"id":232348,"date":"2023-02-14T15:57:06","date_gmt":"2023-02-14T14:57:06","guid":{"rendered":"https:\/\/www.cronacaonline.it\/?p=232348"},"modified":"2023-02-14T15:57:09","modified_gmt":"2023-02-14T14:57:09","slug":"a-olbia-la-seconda-tappa-del-job-day-sardegn0-lassessore-lai-mettere-insieme-domanda-e-offerta-di-lavoro-il-giorno-del-lavoro-e-il-simbolo-della-riforma-dei-centri-per-l","status":"publish","type":"post","link":"https:\/\/www.cronacaonline.it\/index.php\/2023\/02\/14\/a-olbia-la-seconda-tappa-del-job-day-sardegn0-lassessore-lai-mettere-insieme-domanda-e-offerta-di-lavoro-il-giorno-del-lavoro-e-il-simbolo-della-riforma-dei-centri-per-l\/","title":{"rendered":"A Olbia la seconda tappa del \u2018Job Day Sardegn0, l\u2019assessore Lai: \u201cmettere insieme domanda e offerta di lavoro, il giorno del lavoro \u00e8 il simbolo della riforma dei centri per l\u2019impiego\u201d."},"content":{"rendered":"\n<p>Olbia, 14 Feb 2023 \u2013\u00a0Oltre 4.800 candidature per 3.380 posti di lavoro offerti dalle aziende e pi\u00f9 di duemila duecento candidati iscritti all\u2019evento, 105 aziende (una sessantina quelle in presenza e le altre online), 40 scuole, oltre mille studenti. Sono i numeri della seconda tappa del Job Day Sardegna che si \u00e8 tenuta oggi all\u2019aeroporto Costa Smeralda di Olbia. All\u2019inaugurazione dell\u2019evento dedicato alla Gallura, organizzato dall\u2019assessorato regionale del Lavoro in collaborazione con l\u2019Aspal (Agenzia sarda per le politiche attive del lavoro) questa mattina erano presenti gli assessori regionali del Lavoro, Ada Lai, della Programmazione e Bilancio, Giuseppe Fasolino, e la direttrice dell\u2019Aspal, Maika Aversano.<\/p>\n\n\n\n<p>&nbsp;\u201cIl Job day Sardegna \u00e8 l\u2019esempio di quello che diventeranno i nostri centri per l\u2019impiego - ha affermato l\u2019assessore regionale del Lavoro, Ada lai - La loro riforma prevede quattro missioni: l\u2019incontro concreto tra la domanda e l\u2019offerta, tra disoccupati, giovani e imprese, formazione e aziende, istituzioni e mondo del lavoro, con i Comuni sempre pi\u00f9 protagonisti. E\u2019 ormai necessario un cambiamento totale di mentalit\u00e0 - sottolinea l\u2019assessore - focalizzato sul raggiungimento dell\u2019obiettivo, che \u00e8 appunto quello di trovare posti di lavoro. Le opportunit\u00e0 ci sono, ma non sono percepite all\u2019esterno e le imprese non trovano personale qualificato. Abbiamo a disposizione risorse ingenti per il potenziamento dei CPI che diventeranno centri per il lavoro - aggiunge l\u2019esponente dell\u2019esecutivo sardo - Attraverso i fondi del Pnrr, messi in campo con il Programma GOL, abbiamo l\u2019occasione di migliorare il rilevamento delle vacancies da parte dei CPI attraverso l\u2019accelerazione del processo di digitalizzazione e potenziare i contatti diretti tra le&nbsp;imprese e le istituzioni. Oggi siamo a Olbia, conclude Lai - In Gallura c\u2019\u00e8 bisogno di un collocamento mirato. A questo servir\u00e0 la nostra formazione, a creare le competenze necessarie alle imprese del turismo, dell\u2019economia del mare, della nautica e del sughero, un settore da rilanciare per la rinascita dei territori rurali. Guardiamo al futuro con ottimismo per un\u2019economia pi\u00f9 prospera\u201d.<\/p>\n\n\n\n<p>&nbsp;\u201cIl Job Day \u00e8 un momento importante perch\u00e9 \u00e8 un evento dedicato al mondo del lavoro, all\u2019orientamento e alla formazione professionale - ha affermato l\u2019assessore regionale della Programmazione e del Bilancio, Giuseppe Fasolino - Sappiamo quanto \u00e8 importante il lavoro per la nostra isola e per la nostra economia. Il Job Day va incontro alla gente, 6 tappe nei territori per offrire alle persone in cerca di lavoro l\u2019occasione di incontrare pi\u00f9 imprese, e per capire cosa possiamo fare noi per il mondo del lavoro, per incentivare le assunzioni e offrire nuove opportunit\u00e0 ai giovani e ai disoccupati.\u201d<\/p>\n\n\n\n<p>\u201c\u00c8 una&nbsp;risposta davvero straordinaria quella che stiamo avendo con questa nuova formula dei Job Day territoriali - ha affermato Maika Aversano, direttrice generale dell\u2019Aspal - Crediamo che anche questo contribuisca ad&nbsp;agevolare le imprese che nella scorsa stagione hanno trovato difficolt\u00e0 a reperire forza lavoro. L\u2019articolazione dell\u2019evento in pi\u00f9 tappe - ha continuato - \u00e8 inoltre una grandissima occasione per avvicinare maggiormente&nbsp;il lavoro e le imprese. Un riscontro altrettanto positivo \u00e8 arrivato da giovani e meno giovani alla ricerca di un\u2019occupazione, ma anche dagli studenti delle scuole Superiori che hanno partecipato attivamente a seminari e convegni specifici\u201d.<\/p>\n\n\n\n<p>Oltre ai colloqui tra imprese e candidati, durante il Job Day si \u00e8 parlato di anche di mercato del lavoro, orientamento post diploma per gli studenti e strategie per creare nuove occasioni di lavoro nell\u2019Isola. Spazio anche ai seminari curati dagli operatori dei Centri per l\u2019impiego (Cpi) per aiutare le persone ad acquisire nuovi strumenti per la ricerca di lavoro: dalla&nbsp;ricerca attiva all\u2019orientamento, dalla reputazione web alle opportunit\u00e0 offerte dalla mobilit\u00e0 internazionale, dalla misura Resto al sud ai tirocini formativi. A completare l\u2019offerta laboratori per acquisire competenze utili per affrontare un colloquio di lavoro e scrivere un curriculum efficace solo per fare degli esempi.<\/p>\n\n\n\n<p>Il Job Day Sardegna 2023 proseguir\u00e0 a Nuoro il 28 febbraio per poi spostarsi a Oristano (7 marzo), Tortol\u00ec (16 marzo) e Cagliari (30 e 31 marzo).&nbsp;Com<\/p>\n","protected":false},"excerpt":{"rendered":"<p>Olbia, 14 Feb 2023 \u2013\u00a0Oltre 4.800 candidature per 3.380 posti di lavoro offerti dalle aziende e pi\u00f9 di duemila duecento candidati iscritti all\u2019evento, 105 aziende&#8230;<\/p>\n","protected":false},"author":2,"featured_media":232349,"comment_status":"closed","ping_status":"open","sticky":false,"template":"","format":"standard","meta":[],"categories":[49,52],"tags":[],"_links":{"self":[{"href":"https:\/\/www.cronacaonline.it\/index.php\/wp-json\/wp\/v2\/posts\/232348"}],"collection":[{"href":"https:\/\/www.cronacaonline.it\/index.php\/wp-json\/wp\/v2\/posts"}],"about":[{"href":"https:\/\/www.cronacaonline.it\/index.php\/wp-json\/wp\/v2\/types\/post"}],"author":[{"embeddable":true,"href":"https:\/\/www.cronacaonline.it\/index.php\/wp-json\/wp\/v2\/users\/2"}],"replies":[{"embeddable":true,"href":"https:\/\/www.cronacaonline.it\/index.php\/wp-json\/wp\/v2\/comments?post=232348"}],"version-history":[{"count":1,"href":"https:\/\/www.cronacaonline.it\/index.php\/wp-json\/wp\/v2\/posts\/232348\/revisions"}],"predecessor-version":[{"id":232350,"href":"https:\/\/www.cronacaonline.it\/index.php\/wp-json\/wp\/v2\/posts\/232348\/revisions\/232350"}],"wp:featuredmedia":[{"embeddable":true,"href":"https:\/\/www.cronacaonline.it\/index.php\/wp-json\/wp\/v2\/media\/232349"}],"wp:attachment":[{"href":"https:\/\/www.cronacaonline.it\/index.php\/wp-json\/wp\/v2\/media?parent=232348"}],"wp:term":[{"taxonomy":"category","embeddable":true,"href":"https:\/\/www.cronacaonline.it\/index.php\/wp-json\/wp\/v2\/categories?post=232348"},{"taxonomy":"post_tag","embeddable":true,"href":"https:\/\/www.cronacaonline.it\/index.php\/wp-json\/wp\/v2\/tags?post=232348"}],"curies":[{"name":"wp","href":"https:\/\/api.w.org\/{rel}","templated":true}]}}