{"id":232345,"date":"2023-02-14T15:52:43","date_gmt":"2023-02-14T14:52:43","guid":{"rendered":"https:\/\/www.cronacaonline.it\/?p=232345"},"modified":"2023-02-14T15:52:46","modified_gmt":"2023-02-14T14:52:46","slug":"lotta-alle-cavallette-incontro-con-i-sindaci-dei-comuni-interessati-lassessore-satta-unita-operative-di-laore-forestas-compagnie-barracellari-e-province-sul-territorio-per-le-az","status":"publish","type":"post","link":"https:\/\/www.cronacaonline.it\/index.php\/2023\/02\/14\/lotta-alle-cavallette-incontro-con-i-sindaci-dei-comuni-interessati-lassessore-satta-unita-operative-di-laore-forestas-compagnie-barracellari-e-province-sul-territorio-per-le-az\/","title":{"rendered":"Lotta alle cavallette, incontro con i sindaci dei comuni interessati. L\u2019assessore Satta: \u201cunit\u00e0 operative di Laore, Forestas, compagnie barracellari e province sul territorio per le azioni di contrasto a questa terribile piaga\u201d."},"content":{"rendered":"\n<p>Cagliari, 14 Fen 2023\u00a0\u2013 \u201cEra per me fondamentale incontrare gli amministratori locali dei territori messi a dura prova dall\u2019invasione delle cavallette. Insieme all\u2019Agenzia Laore presentiamo oggi le azioni da attuare gi\u00e0 da questa primavera per poter contenere il fenomeno\u201d. Lo ha detto l\u2019assessore dell\u2019Agricoltura, Valeria Satta, che ha incontrato oggi i sindaci dei 26 comuni i cui territori sono interessati dalle infestazioni acridiche. All\u2019incontro, nella sala Anfiteatro di via Roma 253, ha preso parte l\u2019agenzia Laore, responsabile delle azioni di divulgazione e contrasto al problema. Erano presenti i sindaci di Anela, Bono, Bortigali, Bultei, Dualchi e Noragugume, in rappresentanza dei territori del Marghine, e quelli di Olzai, Oniferi, Orani, Ottana, Sarule, Sedilo e Sorradile.<\/p>\n\n\n\n<p>\u201cComprendiamo la frustrazione dei sindaci di fronte al problema. L\u2019incontro di oggi \u00e8 servito a capire quali siano i tempi e quali le azioni da intraprendere nel breve ma anche nel medio e lungo periodo, per agire, tutti insieme, in maniera costruttiva. Grazie a uno studio condotto con l\u2019Universit\u00e0 di Sassari e con la collaborazione di Agris e della Fao, i tecnici di Laore hanno messo a punto un piano operativo per l\u2019immediato contenimento del fenomeno che speriamo, possa essere risolto nei prossimi anni\u201d.<\/p>\n\n\n\n<p>\u201c\u00c8 pi\u00f9 che mai importante \u2013 ha sottolineato l\u2019assessore dell\u2019Agricoltura \u2013 soprattutto in questa prima fase di operativit\u00e0 del piano, che tutti i soggetti interessati diano la loro disponibilit\u00e0 alle azioni di monitoraggio e contrasto. Per questo, vedremo operative le squadre di Laore e di Forestas, alle quali si aggiunger\u00e0 il supporto di alcune compagnie barracellari e degli operatori delle province interessate\u201d.<\/p>\n\n\n\n<p>Come spiegato dalla direzione generale di Laore, per la fase di monitoraggio che partir\u00e0 a fine febbraio sar\u00e0 richiesto il coinvolgimento non solo della parte politica e delle agenzie regionali, ma anche dei soggetti privati, degli agricoltori e degli allevatori che attraverso l\u2019applicazione Deomarco, di prossimo lancio, o mediante segnalazione su WhatsApp, potranno segnalare la presenza delle grillare. La segnalazione arriver\u00e0 nella centrale operativa di Ottana che mediante geolocalizzazione far\u00e0 intervenire le squadre dedite alle operazioni di eliminazione delle larve. Sul campo ci saranno macchine irroratrici e pompe a spalla per i trattamenti localizzati. \u00c8 invece in fase di studio la possibilit\u00e0 di intervenire con i droni. In ogni caso, su indicazioni della Fao, gli interventi non dovranno svolgersi a tappeto, pena la compromissione dell\u2019ecosistema e dei campi agricoli. Si dovr\u00e0 pertanto procedere mediante trattamenti puntiformi.<\/p>\n\n\n\n<p>\u201cCon la Legge Regionale 22 del 2020 \u2013 ricorda l\u2019assessore dell\u2019Agricoltura \u2013 erano gi\u00e0 state messe in campo risorse importanti. Nel 2022 sono stati effettuati circa 700 interventi che hanno permesso un contenimento del fenomeno, come evidenziato dalla fase di rescouting in corso. Adesso agiamo in fase preventiva, mettendo a punto soluzioni che speriamo si rivelino funzionali anche nel lungo periodo. Al momento questa \u00e8 la strada da percorrere\u201d.<\/p>\n\n\n\n<p>\u201cA partire dal 23 febbraio \u2013 conclude la nota dell\u2019Assessora Satta \u2013 l\u2019Agenzia Laore terr\u00e0 una serie di incontri nei comuni per illustrare agli amministratori, agli operatori e alla cittadinanza le modalit\u00e0 di azione. Mediante l\u2019approvazione di una specifica delibera, in discussione a breve termine, sar\u00e0 trasmessa a Laore l\u2019operativit\u00e0 per la prima fase di intervento, che \u00e8 gi\u00e0 stata studiata. Anche il Servizio Fitosanitario dell\u2019Assessorato ha pronto il programma operativo. Seguiremo passo per passo le operazioni di Laore e andremo nei territori per valutare direttamente il decorso \u2013 conclude l\u2019assessore Satta. A breve convocher\u00f2 un tavolo con gli allevatori per affrontare insieme a loro la questione della gestione del bestiame nelle fasi dei trattamenti nei pascoli\u201d.&nbsp;Com<\/p>\n","protected":false},"excerpt":{"rendered":"<p>Cagliari, 14 Fen 2023\u00a0\u2013 \u201cEra per me fondamentale incontrare gli amministratori locali dei territori messi a dura prova dall\u2019invasione delle cavallette. Insieme all\u2019Agenzia Laore presentiamo&#8230;<\/p>\n","protected":false},"author":2,"featured_media":232346,"comment_status":"closed","ping_status":"open","sticky":false,"template":"","format":"standard","meta":[],"categories":[49,52],"tags":[],"_links":{"self":[{"href":"https:\/\/www.cronacaonline.it\/index.php\/wp-json\/wp\/v2\/posts\/232345"}],"collection":[{"href":"https:\/\/www.cronacaonline.it\/index.php\/wp-json\/wp\/v2\/posts"}],"about":[{"href":"https:\/\/www.cronacaonline.it\/index.php\/wp-json\/wp\/v2\/types\/post"}],"author":[{"embeddable":true,"href":"https:\/\/www.cronacaonline.it\/index.php\/wp-json\/wp\/v2\/users\/2"}],"replies":[{"embeddable":true,"href":"https:\/\/www.cronacaonline.it\/index.php\/wp-json\/wp\/v2\/comments?post=232345"}],"version-history":[{"count":1,"href":"https:\/\/www.cronacaonline.it\/index.php\/wp-json\/wp\/v2\/posts\/232345\/revisions"}],"predecessor-version":[{"id":232347,"href":"https:\/\/www.cronacaonline.it\/index.php\/wp-json\/wp\/v2\/posts\/232345\/revisions\/232347"}],"wp:featuredmedia":[{"embeddable":true,"href":"https:\/\/www.cronacaonline.it\/index.php\/wp-json\/wp\/v2\/media\/232346"}],"wp:attachment":[{"href":"https:\/\/www.cronacaonline.it\/index.php\/wp-json\/wp\/v2\/media?parent=232345"}],"wp:term":[{"taxonomy":"category","embeddable":true,"href":"https:\/\/www.cronacaonline.it\/index.php\/wp-json\/wp\/v2\/categories?post=232345"},{"taxonomy":"post_tag","embeddable":true,"href":"https:\/\/www.cronacaonline.it\/index.php\/wp-json\/wp\/v2\/tags?post=232345"}],"curies":[{"name":"wp","href":"https:\/\/api.w.org\/{rel}","templated":true}]}}