{"id":232340,"date":"2023-02-14T15:18:06","date_gmt":"2023-02-14T14:18:06","guid":{"rendered":"https:\/\/www.cronacaonline.it\/?p=232340"},"modified":"2023-02-14T15:18:08","modified_gmt":"2023-02-14T14:18:08","slug":"turismo-il-vicepresidente-del-consiglio-matteo-salvini-in-visita-allo-stand-sardegna-apertura-di-nuovi-mercati-con-il-nuovo-collegamento-aereo-da-cagliari-a-dubai","status":"publish","type":"post","link":"https:\/\/www.cronacaonline.it\/index.php\/2023\/02\/14\/turismo-il-vicepresidente-del-consiglio-matteo-salvini-in-visita-allo-stand-sardegna-apertura-di-nuovi-mercati-con-il-nuovo-collegamento-aereo-da-cagliari-a-dubai\/","title":{"rendered":"Turismo: il vicepresidente del consiglio, Matteo Salvini in visita allo stand Sardegna. Apertura di nuovi mercati con il nuovo collegamento aereo da Cagliari a Dubai."},"content":{"rendered":"\n<p>Milano, 14 Feb 2023 \u2013\u00a0In chiusura della kermesse milanese della Borsa Internazionale del Turismo,\u00a0\u00a0lo Stand della Regione Sardegna \u00e8 stato visitato dal vicepresidente del Consiglio dei Ministri, Matteo Salvini che ha girato gli spazi espositi, accompagnato dall\u2019assessore Gianni Chessa, che successivamente, insieme ai vertici della societ\u00e0 Sogaer,\u00a0ha fatto visita allo stand di Flydubai in previsione della partenza del nuovo volo che collegher\u00e0 Cagliari con Dubai dal prossimo 22 giugno, con tre frequenze settimanali, ogni marted\u00ec, gioved\u00ec e sabato.<\/p>\n\n\n\n<p>Con questo collegamento dall'aeroporto di Cagliari si aprono nuovi e prestigiosi mercati&nbsp;turistici - ha detto Chessa - che potranno facilmente raggiungere la Sardegna da uno dei centri aereoportuali&nbsp;pi\u00f9 importanti e frequentati del mondo.&nbsp;<\/p>\n","protected":false},"excerpt":{"rendered":"<p>Milano, 14 Feb 2023 \u2013\u00a0In chiusura della kermesse milanese della Borsa Internazionale del Turismo,\u00a0\u00a0lo Stand della Regione Sardegna \u00e8 stato visitato dal vicepresidente del Consiglio&#8230;<\/p>\n","protected":false},"author":2,"featured_media":232341,"comment_status":"closed","ping_status":"open","sticky":false,"template":"","format":"standard","meta":[],"categories":[49,52],"tags":[],"_links":{"self":[{"href":"https:\/\/www.cronacaonline.it\/index.php\/wp-json\/wp\/v2\/posts\/232340"}],"collection":[{"href":"https:\/\/www.cronacaonline.it\/index.php\/wp-json\/wp\/v2\/posts"}],"about":[{"href":"https:\/\/www.cronacaonline.it\/index.php\/wp-json\/wp\/v2\/types\/post"}],"author":[{"embeddable":true,"href":"https:\/\/www.cronacaonline.it\/index.php\/wp-json\/wp\/v2\/users\/2"}],"replies":[{"embeddable":true,"href":"https:\/\/www.cronacaonline.it\/index.php\/wp-json\/wp\/v2\/comments?post=232340"}],"version-history":[{"count":1,"href":"https:\/\/www.cronacaonline.it\/index.php\/wp-json\/wp\/v2\/posts\/232340\/revisions"}],"predecessor-version":[{"id":232342,"href":"https:\/\/www.cronacaonline.it\/index.php\/wp-json\/wp\/v2\/posts\/232340\/revisions\/232342"}],"wp:featuredmedia":[{"embeddable":true,"href":"https:\/\/www.cronacaonline.it\/index.php\/wp-json\/wp\/v2\/media\/232341"}],"wp:attachment":[{"href":"https:\/\/www.cronacaonline.it\/index.php\/wp-json\/wp\/v2\/media?parent=232340"}],"wp:term":[{"taxonomy":"category","embeddable":true,"href":"https:\/\/www.cronacaonline.it\/index.php\/wp-json\/wp\/v2\/categories?post=232340"},{"taxonomy":"post_tag","embeddable":true,"href":"https:\/\/www.cronacaonline.it\/index.php\/wp-json\/wp\/v2\/tags?post=232340"}],"curies":[{"name":"wp","href":"https:\/\/api.w.org\/{rel}","templated":true}]}}