{"id":232338,"date":"2023-02-14T12:45:37","date_gmt":"2023-02-14T11:45:37","guid":{"rendered":"https:\/\/www.cronacaonline.it\/?p=232338"},"modified":"2023-02-14T12:45:40","modified_gmt":"2023-02-14T11:45:40","slug":"si-chiude-la-bit-di-milano-con-la-sardegna-grande-protagonista-assessore-chessa-sara-un-2023-dai-grandi-numeri","status":"publish","type":"post","link":"https:\/\/www.cronacaonline.it\/index.php\/2023\/02\/14\/si-chiude-la-bit-di-milano-con-la-sardegna-grande-protagonista-assessore-chessa-sara-un-2023-dai-grandi-numeri\/","title":{"rendered":"Si chiude la bit di Milano con la Sardegna grande protagonista. Assessore Chessa: sar\u00e0 un 2023 dai grandi numeri."},"content":{"rendered":"\n<p>Cagliari, 14 Feb 2023 \u2013\u00a0SI chiude con una grande successo la Bit di Milano dove la Sardegna si conferma grande protagonista tra le destinazioni turistiche nazionali ed internazionali. Dopo un 2022 da record, con oltre 7 milioni di arrivi, questa stagione si prospetta ancora migliore. Il Presidente della Regione \u00e8 fiducioso per il raggiungimento di nuovi traguardi alla luce del grande interesse che la destinazione Sardegna ha suscitata alla Borsa Internazionale del Turismo di Milano. Ci aspettiamo di consolidare il trend, dice il Presidente. Il 2023 pu\u00f2 essere un altro anno da record. L\u2019obiettivo adesso, dice il Presidente, \u00e8 quello di un concretizzare e consolidare un consistente allungamento della stagione turistica. Sardegna in prima fila dunque. Gli investimenti che abbiamo messo in campo per fronteggiare l\u2019emergenza, e quelli successivi per preparare un rilancio che \u00e8 arrivato, ha detto ancora il Presidente, consentono alla Sardegna di svolgere sempre pi\u00f9 un ruolo da protagonista.\u201d<\/p>\n\n\n\n<p>In chiusura della kermesse milanese Borsa Internazionale del Turismo, l\u2019assessore Gianni Chessa non nasconde il suo entusiasmo sulle&nbsp;prospettive per un 2023 dai grandi numeri.<\/p>\n\n\n\n<p>\u201cSi \u00e8 conclusa questa bellissima fiera del turismo. Un grande successo per la Sardegna. Tanta affluenza come non mai. C'\u00e8 voglia di ripartire. C'\u00e8 voglia di destinazione. Soprattutto c\u2019\u00e8 voglia di Sardegna. Sono molto contento - sottolinea Chessa - perch\u00e9 \u00e8 stata una tre giorni bellissima che ha dato e sta dando ottimi numeri ai 57 operatori turistici, che rappresentano tutta la Sardegna, presenti nel nostro Stand. C\u2019\u00e8 molta richiesta e molti di loro mi hanno detto che hanno raggiunto gi\u00e0 il 40 per cento di riempimento di prenotazioni. La Sardegna cattura con la sua unicit\u00e0 sempre tanta attenzione. Adesso pensiamo ad aprire gi\u00e0 da Pasqua la stagione. Faremo questa grande apertura. Sono tanti gli eventi sportivi a carattere internazionale. Sono molti i mondiali&nbsp;in tutta la Sardegna, quindi ci apprestiamo a una stagione da record. Intanto annuncio, sottolinea ancora l\u2019esponente della Giunta Sarda, in maniera quasi ufficiale che ad ottobre ci sar\u00e0 questo grande evento, l'America's Cup a Cagliari, un'altra grande opportunit\u00e0 di visibilit\u00e0 internazionale. Arriver\u00e0 tantissima gente. Ci dobbiamo preparare per l'accoglienza, i posti letto e le tante cose che la Sardegna pu\u00f2 dare. Ci stiamo preparando a programmare servizi di qualit\u00e0 ai turisti e ai sardi. Molti sono gli investimenti messi in campo da parte dal Presidente della Regione come molta \u00e8 stata ed \u00e8 la programmazione a favore di un settore portante, in questo momento probabilmente anche il principale settore portante di maggior crescita in Sardegna, che \u00e8 il turismo. Dobbiamo crederci e far sistema. Lo dico sempre, conclude Chessa. Non \u00e8 tra sardi che siamo avversari. Noi siamo i migliori alleati mentre i nostri competitor, sono dalla parte opposta. Tutti vogliono portar via turisti, tutti vogliono portarci via gli eventi ma l'unicit\u00e0 della Sardegna \u00e8 la nostra storia identitaria \u00e8 unica al mondo e questo \u00e8 un valore aggiunto che nessuno ha.\u201d<\/p>\n\n\n\n<p>Gli spazi espositivi di oltre 1000 metri quadrati, sono stati visitati da moltissimi curiosi ed operatori del settore che hanno apprezzato il suo ricco patrimonio ambientale e culturale ma anche per le numerose eccellenze che ne fanno della Sardegna una delle mete turistiche pi\u00f9 ricercate ed ambite dai turisti. Oltre alla presenza della Fondazione Barumini e la Fondazione Monte Prama con i Borghi di Saboris Antigus, sono state particolarmente apprezzate le sei guide dedicate al turismo attivo in Sardegna, ciascuna contenente circa trenta tra i pi\u00f9 attraenti ed emozionanti percorsi di ciascuna delle attivit\u00e0 outdoor rappresentate: trekking, cycling, mountain bike, canoa &amp; kayak, climbing &amp; canyoning e diving. Il progetto ideato dall\u2019Assessorato regionale del Turismo, \u00e8 frutto della collaborazione con UnionCamere Sardegna ed \u00e8 stato realizzato ed edito, in formato digitale, dalla casa editrice EDT. Le guide saranno un importante veicolo nell\u2019ambito delle attivit\u00e0 di digital marketing dell\u2019Assessorato. Com<\/p>\n","protected":false},"excerpt":{"rendered":"<p>Cagliari, 14 Feb 2023 \u2013\u00a0SI chiude con una grande successo la Bit di Milano dove la Sardegna si conferma grande protagonista tra le destinazioni turistiche&#8230;<\/p>\n","protected":false},"author":2,"featured_media":232255,"comment_status":"closed","ping_status":"open","sticky":false,"template":"","format":"standard","meta":[],"categories":[49,52],"tags":[],"_links":{"self":[{"href":"https:\/\/www.cronacaonline.it\/index.php\/wp-json\/wp\/v2\/posts\/232338"}],"collection":[{"href":"https:\/\/www.cronacaonline.it\/index.php\/wp-json\/wp\/v2\/posts"}],"about":[{"href":"https:\/\/www.cronacaonline.it\/index.php\/wp-json\/wp\/v2\/types\/post"}],"author":[{"embeddable":true,"href":"https:\/\/www.cronacaonline.it\/index.php\/wp-json\/wp\/v2\/users\/2"}],"replies":[{"embeddable":true,"href":"https:\/\/www.cronacaonline.it\/index.php\/wp-json\/wp\/v2\/comments?post=232338"}],"version-history":[{"count":1,"href":"https:\/\/www.cronacaonline.it\/index.php\/wp-json\/wp\/v2\/posts\/232338\/revisions"}],"predecessor-version":[{"id":232339,"href":"https:\/\/www.cronacaonline.it\/index.php\/wp-json\/wp\/v2\/posts\/232338\/revisions\/232339"}],"wp:featuredmedia":[{"embeddable":true,"href":"https:\/\/www.cronacaonline.it\/index.php\/wp-json\/wp\/v2\/media\/232255"}],"wp:attachment":[{"href":"https:\/\/www.cronacaonline.it\/index.php\/wp-json\/wp\/v2\/media?parent=232338"}],"wp:term":[{"taxonomy":"category","embeddable":true,"href":"https:\/\/www.cronacaonline.it\/index.php\/wp-json\/wp\/v2\/categories?post=232338"},{"taxonomy":"post_tag","embeddable":true,"href":"https:\/\/www.cronacaonline.it\/index.php\/wp-json\/wp\/v2\/tags?post=232338"}],"curies":[{"name":"wp","href":"https:\/\/api.w.org\/{rel}","templated":true}]}}