{"id":232331,"date":"2023-02-14T11:17:19","date_gmt":"2023-02-14T10:17:19","guid":{"rendered":"https:\/\/www.cronacaonline.it\/?p=232331"},"modified":"2023-02-14T11:17:22","modified_gmt":"2023-02-14T10:17:22","slug":"consiglio-sardegna-commissioni-il-calendario-della-settimana-3-2","status":"publish","type":"post","link":"https:\/\/www.cronacaonline.it\/index.php\/2023\/02\/14\/consiglio-sardegna-commissioni-il-calendario-della-settimana-3-2\/","title":{"rendered":"Consiglio Sardegna &#8211; Commissioni: il calendario della settimana\/3-"},"content":{"rendered":"\n<p>Cagliari, 14 Feb 2023 \u2013 Per gioved\u00ec (16 febbraio) alle 10.30 \u00e8 convocata la seduta della commissione Sanit\u00e0, presieduta da Antonio Mario Mundula (Fdi), nella quale sono state programmate alcune audizioni.<\/p>\n\n\n\n<p>La prima riguarder\u00e0 i responsabili dei Centri riabilitativi della Sardegna e le problematiche dell\u2019ambulatorio \u201cFisiatria dell\u2019et\u00e0 evolutiva\u201d presso il Distretto socio-sanitario 1 dell\u2019Area vasta di Cagliari.<\/p>\n\n\n\n<p>Successivamente, l\u2019assessore della Sanit\u00e0 Carlo Doria illustrer\u00e0 alcune delibere di Giunta: P\/236 (Rideterminazione della tariffe della riabilitazione territoriale e dei requisiti minimi per l\u2019accreditamento delle strutture); P\/233 (trasferimento definitivo della Clinica universitaria di Ortopedia e traumatologia all\u2019Aou di Cagliari); P\/235 (Programmazione delle risorse del fondo nazionale per le politiche su diritti e pari opportunit\u00e0); P\/237 (Prestazioni sanitarie di procreazione medicalmente assistita.<\/p>\n\n\n\n<p>Se necessario, i lavori proseguiranno nel pomeriggio.<\/p>\n","protected":false},"excerpt":{"rendered":"<p>Cagliari, 14 Feb 2023 \u2013 Per gioved\u00ec (16 febbraio) alle 10.30 \u00e8 convocata la seduta della commissione Sanit\u00e0, presieduta da Antonio Mario Mundula (Fdi), nella&#8230;<\/p>\n","protected":false},"author":2,"featured_media":192510,"comment_status":"closed","ping_status":"open","sticky":false,"template":"","format":"standard","meta":[],"categories":[49,52],"tags":[],"_links":{"self":[{"href":"https:\/\/www.cronacaonline.it\/index.php\/wp-json\/wp\/v2\/posts\/232331"}],"collection":[{"href":"https:\/\/www.cronacaonline.it\/index.php\/wp-json\/wp\/v2\/posts"}],"about":[{"href":"https:\/\/www.cronacaonline.it\/index.php\/wp-json\/wp\/v2\/types\/post"}],"author":[{"embeddable":true,"href":"https:\/\/www.cronacaonline.it\/index.php\/wp-json\/wp\/v2\/users\/2"}],"replies":[{"embeddable":true,"href":"https:\/\/www.cronacaonline.it\/index.php\/wp-json\/wp\/v2\/comments?post=232331"}],"version-history":[{"count":1,"href":"https:\/\/www.cronacaonline.it\/index.php\/wp-json\/wp\/v2\/posts\/232331\/revisions"}],"predecessor-version":[{"id":232332,"href":"https:\/\/www.cronacaonline.it\/index.php\/wp-json\/wp\/v2\/posts\/232331\/revisions\/232332"}],"wp:featuredmedia":[{"embeddable":true,"href":"https:\/\/www.cronacaonline.it\/index.php\/wp-json\/wp\/v2\/media\/192510"}],"wp:attachment":[{"href":"https:\/\/www.cronacaonline.it\/index.php\/wp-json\/wp\/v2\/media?parent=232331"}],"wp:term":[{"taxonomy":"category","embeddable":true,"href":"https:\/\/www.cronacaonline.it\/index.php\/wp-json\/wp\/v2\/categories?post=232331"},{"taxonomy":"post_tag","embeddable":true,"href":"https:\/\/www.cronacaonline.it\/index.php\/wp-json\/wp\/v2\/tags?post=232331"}],"curies":[{"name":"wp","href":"https:\/\/api.w.org\/{rel}","templated":true}]}}