{"id":232323,"date":"2023-02-14T09:39:30","date_gmt":"2023-02-14T08:39:30","guid":{"rendered":"https:\/\/www.cronacaonline.it\/?p=232323"},"modified":"2023-02-14T09:39:33","modified_gmt":"2023-02-14T08:39:33","slug":"consiglio-sardegna-commissioni-il-calendario-della-settimana_2","status":"publish","type":"post","link":"https:\/\/www.cronacaonline.it\/index.php\/2023\/02\/14\/consiglio-sardegna-commissioni-il-calendario-della-settimana_2\/","title":{"rendered":"Consiglio Sardegna &#8211; Commissioni: il calendario della settimana_2"},"content":{"rendered":"\n<p>Cagliari, 14 Feb 2023 \u2013 Gioved\u00ec (16 febbraio) alle 10.30 si riunir\u00e0 la commissione Pubblica istruzione e Informazione, presieduta da Sara Canu (Fdi). Interverr\u00e0 il presidente del Corecom Sardegna Sergio Nuvoli che illustrer\u00e0 il programma del comitato per il 2023.<\/p>\n\n\n\n<p>Per quanto riguarda la commissione Agricoltura, la seduta programmata per domani alle 16.30 \u00e8 stata rinviata a data da destinarsi. Com<\/p>\n","protected":false},"excerpt":{"rendered":"<p>Cagliari, 14 Feb 2023 \u2013 Gioved\u00ec (16 febbraio) alle 10.30 si riunir\u00e0 la commissione Pubblica istruzione e Informazione, presieduta da Sara Canu (Fdi). Interverr\u00e0 il&#8230;<\/p>\n","protected":false},"author":2,"featured_media":192512,"comment_status":"closed","ping_status":"open","sticky":false,"template":"","format":"standard","meta":[],"categories":[49,52],"tags":[],"_links":{"self":[{"href":"https:\/\/www.cronacaonline.it\/index.php\/wp-json\/wp\/v2\/posts\/232323"}],"collection":[{"href":"https:\/\/www.cronacaonline.it\/index.php\/wp-json\/wp\/v2\/posts"}],"about":[{"href":"https:\/\/www.cronacaonline.it\/index.php\/wp-json\/wp\/v2\/types\/post"}],"author":[{"embeddable":true,"href":"https:\/\/www.cronacaonline.it\/index.php\/wp-json\/wp\/v2\/users\/2"}],"replies":[{"embeddable":true,"href":"https:\/\/www.cronacaonline.it\/index.php\/wp-json\/wp\/v2\/comments?post=232323"}],"version-history":[{"count":1,"href":"https:\/\/www.cronacaonline.it\/index.php\/wp-json\/wp\/v2\/posts\/232323\/revisions"}],"predecessor-version":[{"id":232324,"href":"https:\/\/www.cronacaonline.it\/index.php\/wp-json\/wp\/v2\/posts\/232323\/revisions\/232324"}],"wp:featuredmedia":[{"embeddable":true,"href":"https:\/\/www.cronacaonline.it\/index.php\/wp-json\/wp\/v2\/media\/192512"}],"wp:attachment":[{"href":"https:\/\/www.cronacaonline.it\/index.php\/wp-json\/wp\/v2\/media?parent=232323"}],"wp:term":[{"taxonomy":"category","embeddable":true,"href":"https:\/\/www.cronacaonline.it\/index.php\/wp-json\/wp\/v2\/categories?post=232323"},{"taxonomy":"post_tag","embeddable":true,"href":"https:\/\/www.cronacaonline.it\/index.php\/wp-json\/wp\/v2\/tags?post=232323"}],"curies":[{"name":"wp","href":"https:\/\/api.w.org\/{rel}","templated":true}]}}