{"id":232309,"date":"2023-02-14T06:19:15","date_gmt":"2023-02-14T05:19:15","guid":{"rendered":"https:\/\/www.cronacaonline.it\/?p=232309"},"modified":"2023-02-14T06:19:18","modified_gmt":"2023-02-14T05:19:18","slug":"continuita-territoriale-pais-tutelato-il-diritto-alla-mobilita-anche-su-alghero","status":"publish","type":"post","link":"https:\/\/www.cronacaonline.it\/index.php\/2023\/02\/14\/continuita-territoriale-pais-tutelato-il-diritto-alla-mobilita-anche-su-alghero\/","title":{"rendered":"Continuit\u00e0 territoriale, Pais: &#8220;tutelato il diritto alla mobilit\u00e0 anche su Alghero&#8221;."},"content":{"rendered":"\n<p>Alghero (SS), 14 Feb 2023 \u2013 \u201cSi \u00e8 concluso ieri con successo il processo di aggiudicazione delle rotte in regime di Continuit\u00e0 Territoriale anche su Alghero, garantendo cos\u00ec il diritto alla mobilit\u00e0 di tutti i sardi \u2013 dichiara il presidente del Consiglio regionale Michele Pais \u2013 ora si apre una fase di confronto con l\u2019Unione Europea per ridefinire i parametri della Continuit\u00e0 Territoriale, finora penalizzanti per la Sardegna\u201d.\u00a0<br>\u201cUn grande lavoro di squadra tra il Governo regionale, il presidente della Regione con l\u2019Assessore Moro ,e il Ministero delle infrastrutture guidato da Matteo Salvini, che sin dal primo momento ha sostenuto con determinazione le ragioni della Sardegna davanti alla Commissione europea\u201d \u2013 continua Pais \u2013 \u201cIl sistema aeroportuale sardo va sostenuto nella sua interezza, i tre scali sardi nel futuro devono vedere consolidata la loro posizione con un maggiore numero di voli in regime di continuit\u00e0 territoriale, e nuove rotte commerciali nazionali e internazionali\u201d.\u00a0<br>\u201cSu Alghero, in particolare, occorre accelerare sugli investimenti infrastrutturali, garantendo cos\u00ec competitivit\u00e0 dello scalo, e maggiore connessione con le aziende del territorio, al fine di consolidare la sua operativit\u00e0 e garantire i livelli occupazionali\u201d - conclude Michele Pais. Com<\/p>\n","protected":false},"excerpt":{"rendered":"<p>Alghero (SS), 14 Feb 2023 \u2013 \u201cSi \u00e8 concluso ieri con successo il processo di aggiudicazione delle rotte in regime di Continuit\u00e0 Territoriale anche su&#8230;<\/p>\n","protected":false},"author":2,"featured_media":214245,"comment_status":"closed","ping_status":"open","sticky":false,"template":"","format":"standard","meta":[],"categories":[49,52],"tags":[],"_links":{"self":[{"href":"https:\/\/www.cronacaonline.it\/index.php\/wp-json\/wp\/v2\/posts\/232309"}],"collection":[{"href":"https:\/\/www.cronacaonline.it\/index.php\/wp-json\/wp\/v2\/posts"}],"about":[{"href":"https:\/\/www.cronacaonline.it\/index.php\/wp-json\/wp\/v2\/types\/post"}],"author":[{"embeddable":true,"href":"https:\/\/www.cronacaonline.it\/index.php\/wp-json\/wp\/v2\/users\/2"}],"replies":[{"embeddable":true,"href":"https:\/\/www.cronacaonline.it\/index.php\/wp-json\/wp\/v2\/comments?post=232309"}],"version-history":[{"count":1,"href":"https:\/\/www.cronacaonline.it\/index.php\/wp-json\/wp\/v2\/posts\/232309\/revisions"}],"predecessor-version":[{"id":232310,"href":"https:\/\/www.cronacaonline.it\/index.php\/wp-json\/wp\/v2\/posts\/232309\/revisions\/232310"}],"wp:featuredmedia":[{"embeddable":true,"href":"https:\/\/www.cronacaonline.it\/index.php\/wp-json\/wp\/v2\/media\/214245"}],"wp:attachment":[{"href":"https:\/\/www.cronacaonline.it\/index.php\/wp-json\/wp\/v2\/media?parent=232309"}],"wp:term":[{"taxonomy":"category","embeddable":true,"href":"https:\/\/www.cronacaonline.it\/index.php\/wp-json\/wp\/v2\/categories?post=232309"},{"taxonomy":"post_tag","embeddable":true,"href":"https:\/\/www.cronacaonline.it\/index.php\/wp-json\/wp\/v2\/tags?post=232309"}],"curies":[{"name":"wp","href":"https:\/\/api.w.org\/{rel}","templated":true}]}}