{"id":232304,"date":"2023-02-13T17:02:09","date_gmt":"2023-02-13T16:02:09","guid":{"rendered":"https:\/\/www.cronacaonline.it\/?p=232304"},"modified":"2023-02-13T17:02:12","modified_gmt":"2023-02-13T16:02:12","slug":"le-strade-di-cagliari-si-rifanno-il-look-con-il-global-service","status":"publish","type":"post","link":"https:\/\/www.cronacaonline.it\/index.php\/2023\/02\/13\/le-strade-di-cagliari-si-rifanno-il-look-con-il-global-service\/","title":{"rendered":"Le strade di Cagliari si rifanno il look con il Global Service."},"content":{"rendered":"\n<p>Cagliari, 13 Feb 2023 - Durer\u00e0 tre anni e avr\u00e0 come obiettivo principale quello di intervenire sulla rete viaria del Comune di Cagliari. Che comprende 600 chilometri di rete stradale, cinquanta opere d'arte e 40 chilometri di piste ciclabili.<\/p>\n\n\n\n<p>Un appalto da 12,9 milioni di euro grazie al quale le vie del capoluogo sardo si rifaranno il look con la sistemazione dei marciapiedi, della segnaletica orizzontale e con l'allargamento delle competenze degli appaltatori anche agli ascensori cittadini. Il tutto accompagnato da un servizio di pronto intervento, grazie al numero verde (800 116 444) che garantisce l'operativit\u00e0 degli operai entro venti minuti dalla segnalazione.<\/p>\n\n\n\n<p>\u201cCi saranno tutta una serie di interventi importanti che i nostri concittadini aspettano con ansia\u201d. Il primo commento del Sindaco Paolo Truzzu che nella mattina di oggi, luned\u00ec 13 febbraio 2023, ha illustrato i dettagli del terzo appalto relativo al Global Service.<\/p>\n\n\n\n<p>Oltre agli interventi gi\u00e0 individuati, che verranno avviati in base alle urgenze emerse, sar\u00f2 possibile procedere in base alle segnalazioni che arriveranno al numero verde e che potranno confluire in una piattaforma trasparente che permetter\u00e0 ai cittadini di conoscere lo stato dell'arte legato alle segnalazioni stesse.<\/p>\n\n\n\n<p>Alla conferenza stampa di presentazione del Global Service, hanno partecipato anche l'Assessore alla Mobilit\u00e0, Alessio Mereu, il componente della Commissione Consiliare Mobilit\u00e0, Marcello Piras, il Dirigente del Servizio Mobilit\u00e0, Daniele Olla e per la AVR, Claudio Nardecchia.<\/p>\n\n\n\n<p>\u201cPositivo \u2013 il commento dell'Assessore Mereu \u2013 il fatto che ad aggiudicarsi l'appalto sia stato lo stesso soggetto che lo aveva gi\u00e0 in precedenza perch\u00e9 questo gli permette di avere una maggiore conoscenza della citt\u00e0 e pi\u00f9 efficaci modalit\u00e0 di intervento. In tre anni e mezzo abbiamo asfaltato circa 40 chilometri di strade ma ancora resta tanto da fare. Riteniamo, per\u00f2, di poter intervenire dove c'\u00e8 maggiore necessit\u00e0 per poi allargare l'attivit\u00e0 al resto della citt\u00e0\u201d.<\/p>\n\n\n\n<p>Tra le novit\u00e0 del nuovo appalto non solo il fatto che il corrispettivo verr\u00e0 riconosciuto solo sulla base degli obiettivi raggiunti e sulla qualit\u00e0 dei lavori eseguiti, ma anche il passaggio della gestione dei sinistri dall'Amministrazione all'appaltatore. Com<\/p>\n","protected":false},"excerpt":{"rendered":"<p>Cagliari, 13 Feb 2023 &#8211; Durer\u00e0 tre anni e avr\u00e0 come obiettivo principale quello di intervenire sulla rete viaria del Comune di Cagliari. Che comprende&#8230;<\/p>\n","protected":false},"author":2,"featured_media":184863,"comment_status":"closed","ping_status":"open","sticky":false,"template":"","format":"standard","meta":[],"categories":[49,52],"tags":[],"_links":{"self":[{"href":"https:\/\/www.cronacaonline.it\/index.php\/wp-json\/wp\/v2\/posts\/232304"}],"collection":[{"href":"https:\/\/www.cronacaonline.it\/index.php\/wp-json\/wp\/v2\/posts"}],"about":[{"href":"https:\/\/www.cronacaonline.it\/index.php\/wp-json\/wp\/v2\/types\/post"}],"author":[{"embeddable":true,"href":"https:\/\/www.cronacaonline.it\/index.php\/wp-json\/wp\/v2\/users\/2"}],"replies":[{"embeddable":true,"href":"https:\/\/www.cronacaonline.it\/index.php\/wp-json\/wp\/v2\/comments?post=232304"}],"version-history":[{"count":1,"href":"https:\/\/www.cronacaonline.it\/index.php\/wp-json\/wp\/v2\/posts\/232304\/revisions"}],"predecessor-version":[{"id":232305,"href":"https:\/\/www.cronacaonline.it\/index.php\/wp-json\/wp\/v2\/posts\/232304\/revisions\/232305"}],"wp:featuredmedia":[{"embeddable":true,"href":"https:\/\/www.cronacaonline.it\/index.php\/wp-json\/wp\/v2\/media\/184863"}],"wp:attachment":[{"href":"https:\/\/www.cronacaonline.it\/index.php\/wp-json\/wp\/v2\/media?parent=232304"}],"wp:term":[{"taxonomy":"category","embeddable":true,"href":"https:\/\/www.cronacaonline.it\/index.php\/wp-json\/wp\/v2\/categories?post=232304"},{"taxonomy":"post_tag","embeddable":true,"href":"https:\/\/www.cronacaonline.it\/index.php\/wp-json\/wp\/v2\/tags?post=232304"}],"curies":[{"name":"wp","href":"https:\/\/api.w.org\/{rel}","templated":true}]}}