{"id":232299,"date":"2023-02-13T16:57:25","date_gmt":"2023-02-13T15:57:25","guid":{"rendered":"https:\/\/www.cronacaonline.it\/?p=232299"},"modified":"2023-02-13T16:57:28","modified_gmt":"2023-02-13T15:57:28","slug":"continuita-territoriale-aerea-assessore-trasporti-moro-su-alghero-offerte-di-aeroitalia-e-ita-per-roma-e-milano","status":"publish","type":"post","link":"https:\/\/www.cronacaonline.it\/index.php\/2023\/02\/13\/continuita-territoriale-aerea-assessore-trasporti-moro-su-alghero-offerte-di-aeroitalia-e-ita-per-roma-e-milano\/","title":{"rendered":"Continuit\u00e0 territoriale aerea, Assessore Trasporti Moro: su Alghero offerte di Aeroitalia e Ita per Roma e Milano."},"content":{"rendered":"\n<p>Cagliari, 13 Feb 2023 \u2013\u00a0Sono state aperte oggi negli uffici dell\u2019assessorato regionale dei Trasporti a Cagliari le buste della gara per l\u2019affidamento del servizio di trasporto aereo in continuit\u00e0 territoriale da e per Alghero per il periodo dal 17 febbraio 2023 al 28 ottobre 2023. Per gestire le rotte agevolate con Roma e Milano, sono pervenute le offerte delle compagnie AeroItalia e Ita.<\/p>\n\n\n\n<p>Sulla Alghero-Roma Fiumicino (la base d\u2019asta era di 3.198.550,94 euro netti, 3.518.406,03 lordi), Aeroitalia ha offerto un ribasso del 10% (2.878.695,85 euro netti), Ita dello 0,11% (3.195.032,53 euro netti). Per la Alghero-Milano Linate (base d\u2019asta 2.008.102,05 euro netti, 2.208.912,25 euro lordi) Ita ha offerto un ribasso dello 0,15% (2.005.089,90 netti), Aeroitalia nessun ribasso.<\/p>\n\n\n\n<p>Prima di procedere all\u2019assegnazione definitiva delle rotte agevolate su Alghero, oltre a verificare la documentazione pervenuta, la commissione aggiudicatrice dovr\u00e0 aspettare la scadenza, fissata per domani, per presentare eventuali offerte per gestire il servizio senza esclusiva e senza compensazione.<\/p>\n\n\n\n<p>\u201cQualunque altro esito sarebbe stato inaccettabile \u2013 afferma in una nota l\u2019assessore regionale dei Trasporti, Antonio Moro \u2013 ma non possiamo non constatare che l\u2019aver riportato i voli in continuit\u00e0 anche ad Alghero \u00e8 un risultato straordinario per i tempi con i quali si \u00e8 proceduto visto che sono trascorsi solo 45 giorni dalla gara andata deserta. Straordinario anche per le soluzioni tempestivamente adottate, perch\u00e9 il regolamento europeo non disciplina il caso dell\u2019assenza di offerte per l\u2019aggiudicazione delle rotte, e per la collaborazione e il sostegno ricevuti dal ministero dei trasporti e dall\u2019Enac\u201d.<\/p>\n\n\n\n<p>\u201cAuspico che la ritrovata garanzia dei collegamenti in continuit\u00e0 territoriale da e per tutti gli aeroporti sardi, possa contribuire a stemperare polemiche e contrasti, alcune delle quali davvero fuori luogo se non anche pretestuose e strumentali, cos\u00ec da poter meglio lavorare fin dall\u2019immediato con spirito unitario e propositivo a un nuovo modello sardo del trasporto aereo\u201d, conclude l\u2019assessore Moro.<\/p>\n\n\n\n<p>\u201cCon l\u2019aggiudicazione delle rotte agevolate anche su Alghero \u2013 aggiunto il presidente della Sardegna\u2013 stiamo sistemando l\u2019ultimo tassello per completare il quadro della continuit\u00e0 territoriale fra i tre nostri aeroporti e quelli di Roma e Milano garantendo cos\u00ec il diritto alla mobilit\u00e0 a tutti i sardi. Sconfiggendo il peggior disfattismo, di chi vuole trasformare in scontro politico la battaglia di tutto un popolo, passo dopo passo stiamo portando a termine un percorso difficile e disseminato di ostacoli a causa dell\u2019eccessiva rigidit\u00e0 delle norme europee e della altrettanto scarsa elasticit\u00e0 di chi le applica senza tener conto delle specificit\u00e0 geografiche e strutturali della nostra Isola\u201d.<\/p>\n\n\n\n<p>\u201cDopo l\u2019aggiudicazione di queste ultime rotte, che chiude una fase della nostra continuit\u00e0 territoriale \u2013 conclude il capo della Giunta sarda \u2013 saremo a Bruxelles per avviare un confronto immediato e individuare con la Commissione europea, e con il sostegno del Governo e di tutte le forze politiche, sociali e imprenditoriali sarde, nel pieno rispetto delle norme sulla concorrenza, un nuovo modello di continuit\u00e0 pi\u00f9 vicino alle esigenze della Sardegna\u201d. Red<\/p>\n","protected":false},"excerpt":{"rendered":"<p>Cagliari, 13 Feb 2023 \u2013\u00a0Sono state aperte oggi negli uffici dell\u2019assessorato regionale dei Trasporti a Cagliari le buste della gara per l\u2019affidamento del servizio di&#8230;<\/p>\n","protected":false},"author":2,"featured_media":229791,"comment_status":"closed","ping_status":"open","sticky":false,"template":"","format":"standard","meta":[],"categories":[49,52],"tags":[],"_links":{"self":[{"href":"https:\/\/www.cronacaonline.it\/index.php\/wp-json\/wp\/v2\/posts\/232299"}],"collection":[{"href":"https:\/\/www.cronacaonline.it\/index.php\/wp-json\/wp\/v2\/posts"}],"about":[{"href":"https:\/\/www.cronacaonline.it\/index.php\/wp-json\/wp\/v2\/types\/post"}],"author":[{"embeddable":true,"href":"https:\/\/www.cronacaonline.it\/index.php\/wp-json\/wp\/v2\/users\/2"}],"replies":[{"embeddable":true,"href":"https:\/\/www.cronacaonline.it\/index.php\/wp-json\/wp\/v2\/comments?post=232299"}],"version-history":[{"count":1,"href":"https:\/\/www.cronacaonline.it\/index.php\/wp-json\/wp\/v2\/posts\/232299\/revisions"}],"predecessor-version":[{"id":232300,"href":"https:\/\/www.cronacaonline.it\/index.php\/wp-json\/wp\/v2\/posts\/232299\/revisions\/232300"}],"wp:featuredmedia":[{"embeddable":true,"href":"https:\/\/www.cronacaonline.it\/index.php\/wp-json\/wp\/v2\/media\/229791"}],"wp:attachment":[{"href":"https:\/\/www.cronacaonline.it\/index.php\/wp-json\/wp\/v2\/media?parent=232299"}],"wp:term":[{"taxonomy":"category","embeddable":true,"href":"https:\/\/www.cronacaonline.it\/index.php\/wp-json\/wp\/v2\/categories?post=232299"},{"taxonomy":"post_tag","embeddable":true,"href":"https:\/\/www.cronacaonline.it\/index.php\/wp-json\/wp\/v2\/tags?post=232299"}],"curies":[{"name":"wp","href":"https:\/\/api.w.org\/{rel}","templated":true}]}}