{"id":232292,"date":"2023-02-13T15:25:22","date_gmt":"2023-02-13T14:25:22","guid":{"rendered":"https:\/\/www.cronacaonline.it\/?p=232292"},"modified":"2023-02-13T15:25:24","modified_gmt":"2023-02-13T14:25:24","slug":"il-presidente-della-sardegna-riceve-a-villa-devoto-lambasciatore-di-francia-christian-masset-sardegna-e-francia-piu-vicine-grazie-a-nuovi-rapporti-culturali-e-imprenditoriali","status":"publish","type":"post","link":"https:\/\/www.cronacaonline.it\/index.php\/2023\/02\/13\/il-presidente-della-sardegna-riceve-a-villa-devoto-lambasciatore-di-francia-christian-masset-sardegna-e-francia-piu-vicine-grazie-a-nuovi-rapporti-culturali-e-imprenditoriali\/","title":{"rendered":"Il presidente della Sardegna riceve a villa devoto l\u2019ambasciatore di Francia Christian Masset. Sardegna e Francia pi\u00f9 vicine grazie a nuovi rapporti culturali e imprenditoriali."},"content":{"rendered":"\n<p>Cagliari, 13 Feb 2023\u00a0- Sardegna e Francia pi\u00f9 vicine, con numerose prospettive di cooperazione in vari campi, dal turismo, allo sviluppo dell\u2019alta tecnologia, alla cultura. Sono i temi trattati stamane nell\u2019incontro tenutosi a Villa Devoto tra il Presidente della Regione sarda e l\u2019ambasciatore di Francia in Italia, Christian Masset, accompagnato dal Console Generale Fabrice Maiolino.<\/p>\n\n\n\n<p>\"C\u2019\u00e8 un\u2019antica amicizia tra la nostra terra e la Francia - ha detto il Presidente - rafforzata da comuni sentimenti e da un continuo scambio che perdura da decenni, e che ha visto la perfetta integrazione di molti Sardi in Francia e di numerosi cittadini francesi sulla nostra Isola, terra che hanno scelto non solo per la sua bellezza e accoglienza, ma anche per lo sviluppo di numerose attivit\u00e0 imprenditoriali. Attivit\u00e0 che potranno essere incrementate e sviluppate con diversi progetti in vari campi di azione. L\u2019incontro di oggi - ha sottolineato - \u00e8 una grande opportunit\u00e0 per intensificare i nostri scambi. La Sardegna non \u00e8 solo terra di turismo, ma luogo ideale per lo sviluppo di nuovi investimenti in settori quali l\u2019alta tecnologia e l\u2019innovazione, per i quali ci proponiamo anche sul panorama imprenditoriale francese offrendo molte opportunit\u00e0. Di particolare rilievo \u00e8 il progetto di distillazione del gas Argon realizzato nei pozzi minerari del Sulcis e la candidatura, forte e autorevole, della Sardegna per la realizzazione dell\u2019Einstein Telescope a Sos Enattos, in territorio di Lula\".<\/p>\n\n\n\n<p>\"La Francia - ha detto l\u2019Ambasciatore Masset - guarda con grande interesse e amicizia alla Sardegna. Molti giovani nostri connazionali scelgono quest\u2019Isola non solo per motivi turistici, ma anche in un\u2019ottica di residenza e luogo lavorativo. La visita di oggi, ha aggiunto, rappresenta certamente la migliore premessa per l\u2019ampliamento dei nostri interessi su questa Regione, che grazie alla sua posizione strategica nel Mediterraneo e alle sue grandi risorse ambientali e culturali \u00e8 destinatario ideale per un dialogo e una cooperazione di straordinario valore\". Com<\/p>\n","protected":false},"excerpt":{"rendered":"<p>Cagliari, 13 Feb 2023\u00a0&#8211; Sardegna e Francia pi\u00f9 vicine, con numerose prospettive di cooperazione in vari campi, dal turismo, allo sviluppo dell\u2019alta tecnologia, alla cultura.&#8230;<\/p>\n","protected":false},"author":2,"featured_media":232293,"comment_status":"closed","ping_status":"open","sticky":false,"template":"","format":"standard","meta":[],"categories":[49,52],"tags":[],"_links":{"self":[{"href":"https:\/\/www.cronacaonline.it\/index.php\/wp-json\/wp\/v2\/posts\/232292"}],"collection":[{"href":"https:\/\/www.cronacaonline.it\/index.php\/wp-json\/wp\/v2\/posts"}],"about":[{"href":"https:\/\/www.cronacaonline.it\/index.php\/wp-json\/wp\/v2\/types\/post"}],"author":[{"embeddable":true,"href":"https:\/\/www.cronacaonline.it\/index.php\/wp-json\/wp\/v2\/users\/2"}],"replies":[{"embeddable":true,"href":"https:\/\/www.cronacaonline.it\/index.php\/wp-json\/wp\/v2\/comments?post=232292"}],"version-history":[{"count":1,"href":"https:\/\/www.cronacaonline.it\/index.php\/wp-json\/wp\/v2\/posts\/232292\/revisions"}],"predecessor-version":[{"id":232294,"href":"https:\/\/www.cronacaonline.it\/index.php\/wp-json\/wp\/v2\/posts\/232292\/revisions\/232294"}],"wp:featuredmedia":[{"embeddable":true,"href":"https:\/\/www.cronacaonline.it\/index.php\/wp-json\/wp\/v2\/media\/232293"}],"wp:attachment":[{"href":"https:\/\/www.cronacaonline.it\/index.php\/wp-json\/wp\/v2\/media?parent=232292"}],"wp:term":[{"taxonomy":"category","embeddable":true,"href":"https:\/\/www.cronacaonline.it\/index.php\/wp-json\/wp\/v2\/categories?post=232292"},{"taxonomy":"post_tag","embeddable":true,"href":"https:\/\/www.cronacaonline.it\/index.php\/wp-json\/wp\/v2\/tags?post=232292"}],"curies":[{"name":"wp","href":"https:\/\/api.w.org\/{rel}","templated":true}]}}