{"id":232290,"date":"2023-02-13T15:24:28","date_gmt":"2023-02-13T14:24:28","guid":{"rendered":"https:\/\/www.cronacaonline.it\/?p=232290"},"modified":"2023-02-13T15:24:34","modified_gmt":"2023-02-13T14:24:34","slug":"lotta-alle-cavallette-lassessore-satta-incontra-i-sindaci-dei-territori-colpiti-e-dispone-limmediato-intervento-di-laore-sui-territori-coinvolti","status":"publish","type":"post","link":"https:\/\/www.cronacaonline.it\/index.php\/2023\/02\/13\/lotta-alle-cavallette-lassessore-satta-incontra-i-sindaci-dei-territori-colpiti-e-dispone-limmediato-intervento-di-laore-sui-territori-coinvolti\/","title":{"rendered":"Lotta alle cavallette: l\u2019assessore Satta incontra i sindaci dei territori colpiti e dispone l\u2019immediato intervento di Laore sui territori coinvolti."},"content":{"rendered":"\n<p>Cagliari, 13 Feb 2023\u00a0- L\u2019Assessore all\u2019Agricoltura Valeria Satta incontrer\u00e0 domani, 14 febbraio alle ore 11.00, nella Sala Anfiteatro in Via Roma 253, i Sindaci dei Comuni coinvolti dall\u2019invasione delle cavallette.<\/p>\n\n\n\n<p>\u201cAbbiamo dato disposizioni all\u2019Agenzia Laore \u2013 afferma l\u2019assessore Satta \u2013 per attuare nell\u2019immediato le azioni di contrasto. Inoltre sono state date le indicazioni per il subitaneo avvio delle azioni di divulgazione, da attuare nei territori interessati, gi\u00e0 dal prossimo 23 febbraio. Ci\u00f2 in linea con quanto previsto nel piano d\u2019azione recante le misure di contrasto delle infestazioni acridiche in Sardegna. \"Il problema avrebbe dovuto essere affrontato da tempo, \u00e8 dunque necessario agire con urgenza e non si pu\u00f2 pi\u00f9 attendere\u201d.<\/p>\n","protected":false},"excerpt":{"rendered":"<p>Cagliari, 13 Feb 2023\u00a0&#8211; L\u2019Assessore all\u2019Agricoltura Valeria Satta incontrer\u00e0 domani, 14 febbraio alle ore 11.00, nella Sala Anfiteatro in Via Roma 253, i Sindaci dei&#8230;<\/p>\n","protected":false},"author":2,"featured_media":231333,"comment_status":"closed","ping_status":"open","sticky":false,"template":"","format":"standard","meta":[],"categories":[49,52],"tags":[],"_links":{"self":[{"href":"https:\/\/www.cronacaonline.it\/index.php\/wp-json\/wp\/v2\/posts\/232290"}],"collection":[{"href":"https:\/\/www.cronacaonline.it\/index.php\/wp-json\/wp\/v2\/posts"}],"about":[{"href":"https:\/\/www.cronacaonline.it\/index.php\/wp-json\/wp\/v2\/types\/post"}],"author":[{"embeddable":true,"href":"https:\/\/www.cronacaonline.it\/index.php\/wp-json\/wp\/v2\/users\/2"}],"replies":[{"embeddable":true,"href":"https:\/\/www.cronacaonline.it\/index.php\/wp-json\/wp\/v2\/comments?post=232290"}],"version-history":[{"count":1,"href":"https:\/\/www.cronacaonline.it\/index.php\/wp-json\/wp\/v2\/posts\/232290\/revisions"}],"predecessor-version":[{"id":232291,"href":"https:\/\/www.cronacaonline.it\/index.php\/wp-json\/wp\/v2\/posts\/232290\/revisions\/232291"}],"wp:featuredmedia":[{"embeddable":true,"href":"https:\/\/www.cronacaonline.it\/index.php\/wp-json\/wp\/v2\/media\/231333"}],"wp:attachment":[{"href":"https:\/\/www.cronacaonline.it\/index.php\/wp-json\/wp\/v2\/media?parent=232290"}],"wp:term":[{"taxonomy":"category","embeddable":true,"href":"https:\/\/www.cronacaonline.it\/index.php\/wp-json\/wp\/v2\/categories?post=232290"},{"taxonomy":"post_tag","embeddable":true,"href":"https:\/\/www.cronacaonline.it\/index.php\/wp-json\/wp\/v2\/tags?post=232290"}],"curies":[{"name":"wp","href":"https:\/\/api.w.org\/{rel}","templated":true}]}}