{"id":232287,"date":"2023-02-13T15:04:55","date_gmt":"2023-02-13T14:04:55","guid":{"rendered":"https:\/\/www.cronacaonline.it\/?p=232287"},"modified":"2023-02-13T15:04:58","modified_gmt":"2023-02-13T14:04:58","slug":"agricoltura-lassessore-satta-incontra-i-rappresentanti-del-comparto-ortofrutticolo-il-caro-trasporti-non-deve-penalizzare-il-futuro-delle-nostre-eccellenti-produzioni","status":"publish","type":"post","link":"https:\/\/www.cronacaonline.it\/index.php\/2023\/02\/13\/agricoltura-lassessore-satta-incontra-i-rappresentanti-del-comparto-ortofrutticolo-il-caro-trasporti-non-deve-penalizzare-il-futuro-delle-nostre-eccellenti-produzioni\/","title":{"rendered":"Agricoltura, l\u2019assessore Satta incontra i rappresentanti del comparto ortofrutticolo. \u201cIl caro trasporti non deve penalizzare il futuro delle nostre eccellenti produzioni\u201d."},"content":{"rendered":"\n<p>Cagliari, 13 Feb 2023\u00a0\u2013 \u201c\u00c8 evidente che il problema principale per il comparto ortofrutticolo risieda nel caro trasporti, che incide pesantemente sull\u2019economia del settore, a fronte dell\u2019eccellenza delle produzioni\u201d.<\/p>\n\n\n\n<p>Lo ha detto l\u2019assessore regionale dell\u2019Agricoltura, Valeria Satta, che questa mattina ha ricevuto nell\u2019assessorato di via Pessagno i rappresentanti del comparto ortofrutticolo della Sardegna.<\/p>\n\n\n\n<p>L\u2019assessore Satta ha ascoltato le istanze portate dai lavoratori, tra le quali \u00e8 appunto emersa, in particolare, la richiesta di una soluzione al problema del caro trasporti che penalizza le produzioni isolane sul mercato.<\/p>\n\n\n\n<p>\u201cSulla scia degli incontri che sto tenendo dal mio insediamento all\u2019assessorato dell\u2019Agricoltura \u2013 ha spiegato Valeria Satta \u2013 era per me fondamentale dare ascolto al settore dell\u2019ortofrutta, motore principale nell\u2019economia del comparto agricolo regionale, produttore di beni preziosi. La realt\u00e0 agricola della Sardegna \u2013 ha sottolineato l\u2019assessore \u2013 \u00e8 una realt\u00e0 che funziona, ne sono prova le tante aziende con una storia forte e positiva. La Sardegna ha tanti comparti che lavorano bene; l\u2019incontro odierno era necessario a capire quali siano le problematiche specifiche del settore dell\u2019ortofrutta, e a trovare quindi le soluzioni atte a porvi rimedio nella maniera pi\u00f9 rapida ed efficace\u201d.<\/p>\n\n\n\n<p>\u201cA questo proposito \u2013 conclude l\u2019assessore dell\u2019Agricoltura \u2013 stiamo provvedendo ad affiancare le Agenzie, Argea e Laore, per dotarle di software e mezzi di comunicazione pi\u00f9 efficienti, per permettere di raccogliere e smistare pi\u00f9 velocemente le richieste e poter cos\u00ec procedere in maniera pi\u00f9 rapida alla gestione delle istruttorie dei pagamenti. Le risorse \u2013 ha sottolineato l\u2019assessore Satta \u2013 ci sono, e sono state messe a disposizione dalla Regione Sardegna in maniera puntuale. Provvediamo ora a colmare i ritardi nell\u2019erogazione\u201d. Com<\/p>\n","protected":false},"excerpt":{"rendered":"<p>Cagliari, 13 Feb 2023\u00a0\u2013 \u201c\u00c8 evidente che il problema principale per il comparto ortofrutticolo risieda nel caro trasporti, che incide pesantemente sull\u2019economia del settore, a&#8230;<\/p>\n","protected":false},"author":2,"featured_media":232288,"comment_status":"closed","ping_status":"open","sticky":false,"template":"","format":"standard","meta":[],"categories":[49,52],"tags":[],"_links":{"self":[{"href":"https:\/\/www.cronacaonline.it\/index.php\/wp-json\/wp\/v2\/posts\/232287"}],"collection":[{"href":"https:\/\/www.cronacaonline.it\/index.php\/wp-json\/wp\/v2\/posts"}],"about":[{"href":"https:\/\/www.cronacaonline.it\/index.php\/wp-json\/wp\/v2\/types\/post"}],"author":[{"embeddable":true,"href":"https:\/\/www.cronacaonline.it\/index.php\/wp-json\/wp\/v2\/users\/2"}],"replies":[{"embeddable":true,"href":"https:\/\/www.cronacaonline.it\/index.php\/wp-json\/wp\/v2\/comments?post=232287"}],"version-history":[{"count":1,"href":"https:\/\/www.cronacaonline.it\/index.php\/wp-json\/wp\/v2\/posts\/232287\/revisions"}],"predecessor-version":[{"id":232289,"href":"https:\/\/www.cronacaonline.it\/index.php\/wp-json\/wp\/v2\/posts\/232287\/revisions\/232289"}],"wp:featuredmedia":[{"embeddable":true,"href":"https:\/\/www.cronacaonline.it\/index.php\/wp-json\/wp\/v2\/media\/232288"}],"wp:attachment":[{"href":"https:\/\/www.cronacaonline.it\/index.php\/wp-json\/wp\/v2\/media?parent=232287"}],"wp:term":[{"taxonomy":"category","embeddable":true,"href":"https:\/\/www.cronacaonline.it\/index.php\/wp-json\/wp\/v2\/categories?post=232287"},{"taxonomy":"post_tag","embeddable":true,"href":"https:\/\/www.cronacaonline.it\/index.php\/wp-json\/wp\/v2\/tags?post=232287"}],"curies":[{"name":"wp","href":"https:\/\/api.w.org\/{rel}","templated":true}]}}