{"id":232260,"date":"2023-02-12T17:01:40","date_gmt":"2023-02-12T16:01:40","guid":{"rendered":"https:\/\/www.cronacaonline.it\/?p=232260"},"modified":"2023-02-12T17:01:43","modified_gmt":"2023-02-12T16:01:43","slug":"energia-lassessore-anita-pili-strategia-della-regione-sardegna-chiara-difendiamo-prerogative-e-diritti-delle-famiglie-e-delle-imprese","status":"publish","type":"post","link":"https:\/\/www.cronacaonline.it\/index.php\/2023\/02\/12\/energia-lassessore-anita-pili-strategia-della-regione-sardegna-chiara-difendiamo-prerogative-e-diritti-delle-famiglie-e-delle-imprese\/","title":{"rendered":"Energia, l&#8217;assessore Anita Pili: strategia della Regione Sardegna chiara, difendiamo prerogative e diritti delle famiglie e delle imprese."},"content":{"rendered":"\n<p>Cagliari, 12 Feb 2023 -\u00a0L'incontro da me convocato sui temi delle vertenze energetiche e industriali, alla presenza dei sindacati, del mondo imprenditoriale e dei principali players energetici, ha fatto emergere ancora una volta la strategia della Regione, che \u00e8 chiara ed \u00e8 indirizzata alla tutela degli interessi delle imprese e delle famiglie sarde, ed \u00e8 frutto di una costante condivisione con tutti gli attori in campo. Lo dichiara l'assessore all'Industria Anita Pili, che risponde alle critiche avanzate dalle sigle sindacali.<\/p>\n\n\n\n<p>Dichiarazioni, dice l'assessore Pili, lontane da quanto sinora manifestato e sottoscritto dalle stesse sigle sindacali nei verbali di agenda industria. Non risponde al vero che questo governo regionale non abbia una visione strategica: essa \u00e8 stata costruita proprio facendo sintesi delle posizioni portate al tavolo, anche dalle sigle sindacali, insieme a Confindustria e Confapi e ai Sindaci dei territori coinvolti nell\u2019ambito del percorso di elaborazione, da parte del governo nazionale, del Dpcm energia, opportunamente impugnato dal Presidente della Regione proprio perch\u00e9 distante dalle richieste fatte dallo stesso tavolo di agenda industria.<\/p>\n\n\n\n<p>A partire dalla mancata intesa tra governo nazionale e regionale, per arrivare all\u2019esclusione di 1\/3 della popolazione sarda dalla perequazione del gas. \u00c8 importante ricordare, prosegue l'assessore, che la situazione ereditata da questa giunta regionale parte proprio dalla mancata traduzione in legge del patto per la Sardegna Renzi Gentiloni che garantiva, attraverso la metanizzazione dell\u2019isola, condizioni di eguaglianza energetica per le nostre famiglie e le nostre imprese.<\/p>\n\n\n\n<p>Le polemiche lasciano dunque perplessi, perch\u00e9 questa giunta regionale ha lavorato nel pieno sostegno del rilancio industriale.<\/p>\n\n\n\n<p>Dopo 7 anni d\u2019attesa la Giunta sarda ha sbloccato le autorizzazioni per il rilancio di Eurallumina, cos\u00ec come per la Sider Alloys che finalmente inizia la prima fase di ripresa.&nbsp;&nbsp;Senza dimenticare il lavoro fatto per consentire ad altri player presenti sul territorio regionale di proseguire la propria attivit\u00e0 senza creare nuovi disoccupati in aree territoriali gi\u00e0 pesantemente ferite dalle crisi industriali.<\/p>\n\n\n\n<p>\u00c8 evidente che crisi ataviche trascinino un carico di tensione e incertezza, ma \u00e8 importante non dimenticare che per restituire pari dignit\u00e0 al mondo produttivo sardo \u00e8 necessario uno spirito di unit\u00e0, lontano da divisioni politiche. Si pone con urgenza, conclude l'assessore Pili, l'esigenza di percorrere una strada comune per ottenere alla Sardegna risultati concreti che possano garantire condizioni di piena eguaglianza energetica con il resto delle Regioni d\u2019Italia. Red<\/p>\n","protected":false},"excerpt":{"rendered":"<p>Cagliari, 12 Feb 2023 &#8211;\u00a0L&#8217;incontro da me convocato sui temi delle vertenze energetiche e industriali, alla presenza dei sindacati, del mondo imprenditoriale e dei principali&#8230;<\/p>\n","protected":false},"author":2,"featured_media":230445,"comment_status":"closed","ping_status":"open","sticky":false,"template":"","format":"standard","meta":[],"categories":[49,52],"tags":[],"_links":{"self":[{"href":"https:\/\/www.cronacaonline.it\/index.php\/wp-json\/wp\/v2\/posts\/232260"}],"collection":[{"href":"https:\/\/www.cronacaonline.it\/index.php\/wp-json\/wp\/v2\/posts"}],"about":[{"href":"https:\/\/www.cronacaonline.it\/index.php\/wp-json\/wp\/v2\/types\/post"}],"author":[{"embeddable":true,"href":"https:\/\/www.cronacaonline.it\/index.php\/wp-json\/wp\/v2\/users\/2"}],"replies":[{"embeddable":true,"href":"https:\/\/www.cronacaonline.it\/index.php\/wp-json\/wp\/v2\/comments?post=232260"}],"version-history":[{"count":1,"href":"https:\/\/www.cronacaonline.it\/index.php\/wp-json\/wp\/v2\/posts\/232260\/revisions"}],"predecessor-version":[{"id":232261,"href":"https:\/\/www.cronacaonline.it\/index.php\/wp-json\/wp\/v2\/posts\/232260\/revisions\/232261"}],"wp:featuredmedia":[{"embeddable":true,"href":"https:\/\/www.cronacaonline.it\/index.php\/wp-json\/wp\/v2\/media\/230445"}],"wp:attachment":[{"href":"https:\/\/www.cronacaonline.it\/index.php\/wp-json\/wp\/v2\/media?parent=232260"}],"wp:term":[{"taxonomy":"category","embeddable":true,"href":"https:\/\/www.cronacaonline.it\/index.php\/wp-json\/wp\/v2\/categories?post=232260"},{"taxonomy":"post_tag","embeddable":true,"href":"https:\/\/www.cronacaonline.it\/index.php\/wp-json\/wp\/v2\/tags?post=232260"}],"curies":[{"name":"wp","href":"https:\/\/api.w.org\/{rel}","templated":true}]}}