{"id":232253,"date":"2023-02-12T16:03:52","date_gmt":"2023-02-12T15:03:52","guid":{"rendered":"https:\/\/www.cronacaonline.it\/?p=232253"},"modified":"2023-02-12T16:03:54","modified_gmt":"2023-02-12T15:03:54","slug":"turismo-il-ministro-daniela-santanche-e-lassessore-gianni-chessa-tagliano-il-nastro-inaugurale-dello-stand-sardegna-alla-bit-di-milano","status":"publish","type":"post","link":"https:\/\/www.cronacaonline.it\/index.php\/2023\/02\/12\/turismo-il-ministro-daniela-santanche-e-lassessore-gianni-chessa-tagliano-il-nastro-inaugurale-dello-stand-sardegna-alla-bit-di-milano\/","title":{"rendered":"Turismo: il ministro Daniela Santanch\u00e8 e l\u2019assessore Gianni Chessa tagliano il nastro inaugurale dello stand Sardegna alla bit di Milano."},"content":{"rendered":"\n<p>Milano, 12 Feb 2023 \u2013\u00a0Con il simbolico taglio del nastro, il Ministro del Turismo,\u00a0Daniela Santanch\u00e8\u00a0e l\u2019Assessore Gianni Chessa, hanno inaugurato lo Stand Sardegna alla\u00a0Bit 2023.\u00a0La Sardegna torna grande protagonista all\u2019appuntamento con la Borsa Internazionale del Turismo, in programma a Milano sino a marted\u00ec 14 febbraio prossimo. Dopo un 2022 da record, con oltre 7 milioni di arrivi, si prospetta un altro anno positivo per l\u2019industria turistica.\u00a0<\/p>\n\n\n\n<p>\u201cQuesta edizione \u2013 sottolinea l\u2019assessore Chessa - segna sicuramente una vera ripresa dopo la pandemia. Il 2022 \u00e8 stato un annoi da record per la Sardegna. Se riparte il sistema Italia, riparte ancora pi\u00f9 forte anche il sistema Sardegna. Ci auguriamo che questa Bit ci porti tanti ottimi risultati. Noi ci presentiamo con oltre mille metri quadri di Stand, 57 operatori rispetto ai 46 della scorsa edizione. Questo vuol dire che c\u2019\u00e8 grande interesse e richiesta. Abbiamo aperto ancora di pi\u00f9 questa possibilit\u00e0 ai nostri operatori, da tutta la Sardegna. Io credo che la Bit di quest\u2019anno dia una svolta storica per il rilancio nazionale ed internazionale del turismo. La gente ha voglia di vivere a riprendendosi la normalit\u00e0. Io credo che la Sardegna possa vantare di essere un richiamo forte andando oltre la destinazione esclusivamente legata al mare. Vogliamo andare oltre il mare. Questo \u00e8 un sogno, ha aggiunto l\u2019esponente della Giunta sarda,&nbsp;che vorremmo accarezzare e lo stiamo quasi per raggiungere. Ci serve dare una certezza sui collegamenti e sulla programmazione che stiamo facendo. Siamo pronti ad offrire tante iniziative e tanta offerta turistica che va oltre il mare. Un obbiettivo che ci rafforzer\u00e0, che rafforzer\u00e0 l\u2019economia dei sardi e di tutta la Sardegna.\u201d<\/p>\n\n\n\n<figure class=\"wp-block-image size-full is-resized\"><img loading=\"lazy\" src=\"https:\/\/www.cronacaonline.it\/wp-content\/uploads\/2023\/02\/Assessore-Turismo-Chessa-e-Santache-al-bit-di-Milano.jpg\" alt=\"\" class=\"wp-image-232255\" width=\"731\" height=\"487\" srcset=\"https:\/\/www.cronacaonline.it\/wp-content\/uploads\/2023\/02\/Assessore-Turismo-Chessa-e-Santache-al-bit-di-Milano.jpg 600w, https:\/\/www.cronacaonline.it\/wp-content\/uploads\/2023\/02\/Assessore-Turismo-Chessa-e-Santache-al-bit-di-Milano-300x200.jpg 300w\" sizes=\"(max-width: 731px) 100vw, 731px\" \/><\/figure>\n\n\n\n<p>Lo Stand Sardegna \u00e8 uno dei pi\u00f9 apprezzati e grandi della Bit.&nbsp;&nbsp;Gli spazi espositivi a disposizione, di oltre 1000 metri quadrati, realizzato in collaborazione con Unioncamere e Camera di commercio di Cagliari consentono alla nostra Isola di mettersi in vetrina, non solo per il suo ricco patrimonio ambientale e culturale ma anche per le numerose eccellenze che ne fanno una delle mete turistiche pi\u00f9 ricercate ed ambite dai turisti. In vetrina anche l\u2019archeologia, i monumenti, i gruppi folk e i cammini religiosi. Presenti la Fondazione Barumini e la Fondazione Monte Prama e I Borghi di Saboris Antigus (Antichi sapori). Nove Paesi, uniti dal filo rosso delle sagre autunnali che si presentano per la prima volta come circuito turistico. Particolarmente apprezzato, all\u2019interno dello Stand, dai numerosissimi visitatori nella giornata inaugurale, le due grandi colonne rivestite di essenze mediterranee, a ricordare i colori ed i profumi della macchia tipica della Sardegna.<\/p>\n\n\n\n<p>In anteprima assoluta \u00e8 stato presentato il progetto di sei guide dedicate al turismo attivo in Sardegna, ciascuna contenente circa trenta tra i pi\u00f9 attraenti ed emozionanti percorsi di ciascuna delle attivit\u00e0 outdoor rappresentate: trekking, cycling, mountain bike, canoa &amp; kayak, climbing &amp; canyoning e diving. Il progetto ideato dall\u2019Assessorato regionale del Turismo, \u00e8 frutto della collaborazione con UnionCamere Sardegna ed \u00e8 stato realizzato ed edito, in formato digitale, dalla casa editrice Edt. Le guide saranno un importante veicolo nell\u2019ambito delle attivit\u00e0 di mercato digitale dell\u2019Assessorato. Com<\/p>\n","protected":false},"excerpt":{"rendered":"<p>Milano, 12 Feb 2023 \u2013\u00a0Con il simbolico taglio del nastro, il Ministro del Turismo,\u00a0Daniela Santanch\u00e8\u00a0e l\u2019Assessore Gianni Chessa, hanno inaugurato lo Stand Sardegna alla\u00a0Bit 2023.\u00a0La&#8230;<\/p>\n","protected":false},"author":2,"featured_media":232254,"comment_status":"closed","ping_status":"open","sticky":false,"template":"","format":"standard","meta":[],"categories":[49,52],"tags":[],"_links":{"self":[{"href":"https:\/\/www.cronacaonline.it\/index.php\/wp-json\/wp\/v2\/posts\/232253"}],"collection":[{"href":"https:\/\/www.cronacaonline.it\/index.php\/wp-json\/wp\/v2\/posts"}],"about":[{"href":"https:\/\/www.cronacaonline.it\/index.php\/wp-json\/wp\/v2\/types\/post"}],"author":[{"embeddable":true,"href":"https:\/\/www.cronacaonline.it\/index.php\/wp-json\/wp\/v2\/users\/2"}],"replies":[{"embeddable":true,"href":"https:\/\/www.cronacaonline.it\/index.php\/wp-json\/wp\/v2\/comments?post=232253"}],"version-history":[{"count":1,"href":"https:\/\/www.cronacaonline.it\/index.php\/wp-json\/wp\/v2\/posts\/232253\/revisions"}],"predecessor-version":[{"id":232256,"href":"https:\/\/www.cronacaonline.it\/index.php\/wp-json\/wp\/v2\/posts\/232253\/revisions\/232256"}],"wp:featuredmedia":[{"embeddable":true,"href":"https:\/\/www.cronacaonline.it\/index.php\/wp-json\/wp\/v2\/media\/232254"}],"wp:attachment":[{"href":"https:\/\/www.cronacaonline.it\/index.php\/wp-json\/wp\/v2\/media?parent=232253"}],"wp:term":[{"taxonomy":"category","embeddable":true,"href":"https:\/\/www.cronacaonline.it\/index.php\/wp-json\/wp\/v2\/categories?post=232253"},{"taxonomy":"post_tag","embeddable":true,"href":"https:\/\/www.cronacaonline.it\/index.php\/wp-json\/wp\/v2\/tags?post=232253"}],"curies":[{"name":"wp","href":"https:\/\/api.w.org\/{rel}","templated":true}]}}