{"id":232180,"date":"2023-02-10T10:15:57","date_gmt":"2023-02-10T09:15:57","guid":{"rendered":"https:\/\/www.cronacaonline.it\/?p=232180"},"modified":"2023-02-10T10:16:00","modified_gmt":"2023-02-10T09:16:00","slug":"medici-degli-istituti-penitenziari-lassessore-doria-massimo-impegno-per-il-recepimento-dellultimo-acn-nei-tempi-piu-rapidi","status":"publish","type":"post","link":"https:\/\/www.cronacaonline.it\/index.php\/2023\/02\/10\/medici-degli-istituti-penitenziari-lassessore-doria-massimo-impegno-per-il-recepimento-dellultimo-acn-nei-tempi-piu-rapidi\/","title":{"rendered":"Medici degli istituti penitenziari, l\u2019assessore Doria: \u201cmassimo impegno per il recepimento dell\u2019ultimo acn nei tempi pi\u00f9 rapidi\u201d."},"content":{"rendered":"\n<p>Cagliari, 10 Feb 2023\u00a0\u2013 Il recepimento dell\u2019ultimo Accordo collettivo nazionale, le modifiche nel rapporto di convenzione con il sistema sanitario regionale e la possibilit\u00e0 legata al riconoscimento di un\u2019indennit\u00e0 per i medici dell\u2019assistenza penitenziaria che svolgono la propria attivit\u00e0 in istituti la cui posizione risulti particolarmente disagiata, sono stati alcuni dei temi al centro dell\u2019incontro tra l\u2019assessore regionale della Sanit\u00e0, Carlo Doria, e i medici dell\u2019assistenza penitenziaria delle case circondariali e di reclusione di Mamone, Badu e Carros, Uta e Is Arenas.<\/p>\n\n\n\n<p>\u201c\u00c8 stato un incontro costruttivo che ha messo al centro le legittime richieste dei medici che operano all\u2019interno degli istituti penitenziari della nostra Isola. L\u2019ultimo accordo collettivo nazionale ha messo ordine a una situazione abbastanza eterogenea che si era venuta a creare tra le regioni. Ho voluto assicurare ai medici, che assistono i detenuti, svolgendo un attivit\u00e0 sanitaria dal profondo significato anche sul piano sociale, che sar\u00e0 un mio preciso impegno accelerare quanto pi\u00f9 possibile il recepimento in Sardegna di quanto previsto nel nuovo accordo collettivo della medicina generale sulla parte che attiene al settore penitenziario, con tutto ci\u00f2 che ne consegue sul piano economico e contrattuale\u201d, conclude l\u2019esponente della Giunta sarda. Red<\/p>\n","protected":false},"excerpt":{"rendered":"<p>Cagliari, 10 Feb 2023\u00a0\u2013 Il recepimento dell\u2019ultimo Accordo collettivo nazionale, le modifiche nel rapporto di convenzione con il sistema sanitario regionale e la possibilit\u00e0 legata&#8230;<\/p>\n","protected":false},"author":2,"featured_media":229795,"comment_status":"closed","ping_status":"open","sticky":false,"template":"","format":"standard","meta":[],"categories":[49,52],"tags":[],"_links":{"self":[{"href":"https:\/\/www.cronacaonline.it\/index.php\/wp-json\/wp\/v2\/posts\/232180"}],"collection":[{"href":"https:\/\/www.cronacaonline.it\/index.php\/wp-json\/wp\/v2\/posts"}],"about":[{"href":"https:\/\/www.cronacaonline.it\/index.php\/wp-json\/wp\/v2\/types\/post"}],"author":[{"embeddable":true,"href":"https:\/\/www.cronacaonline.it\/index.php\/wp-json\/wp\/v2\/users\/2"}],"replies":[{"embeddable":true,"href":"https:\/\/www.cronacaonline.it\/index.php\/wp-json\/wp\/v2\/comments?post=232180"}],"version-history":[{"count":1,"href":"https:\/\/www.cronacaonline.it\/index.php\/wp-json\/wp\/v2\/posts\/232180\/revisions"}],"predecessor-version":[{"id":232181,"href":"https:\/\/www.cronacaonline.it\/index.php\/wp-json\/wp\/v2\/posts\/232180\/revisions\/232181"}],"wp:featuredmedia":[{"embeddable":true,"href":"https:\/\/www.cronacaonline.it\/index.php\/wp-json\/wp\/v2\/media\/229795"}],"wp:attachment":[{"href":"https:\/\/www.cronacaonline.it\/index.php\/wp-json\/wp\/v2\/media?parent=232180"}],"wp:term":[{"taxonomy":"category","embeddable":true,"href":"https:\/\/www.cronacaonline.it\/index.php\/wp-json\/wp\/v2\/categories?post=232180"},{"taxonomy":"post_tag","embeddable":true,"href":"https:\/\/www.cronacaonline.it\/index.php\/wp-json\/wp\/v2\/tags?post=232180"}],"curies":[{"name":"wp","href":"https:\/\/api.w.org\/{rel}","templated":true}]}}