{"id":232170,"date":"2023-02-10T10:00:24","date_gmt":"2023-02-10T09:00:24","guid":{"rendered":"https:\/\/www.cronacaonline.it\/?p=232170"},"modified":"2023-02-10T10:00:27","modified_gmt":"2023-02-10T09:00:27","slug":"giorno-del-ricordo-il-presidente-sardegna-non-dimenticare-per-costruire-una-societa-piu-libera-e-giusta","status":"publish","type":"post","link":"https:\/\/www.cronacaonline.it\/index.php\/2023\/02\/10\/giorno-del-ricordo-il-presidente-sardegna-non-dimenticare-per-costruire-una-societa-piu-libera-e-giusta\/","title":{"rendered":"Giorno del ricordo, il presidente Sardegna: \u201cnon dimenticare per costruire una societ\u00e0 pi\u00f9 libera e giusta\u201d."},"content":{"rendered":"\n<p>Cagliari, 10 Feb 2023 \u2013\u00a0\u201cIl dolore, la ferocia, l\u2019esodo, la morte, rivivono in questo giorno e in questa ricorrenza. Tenere scolpiti nella mente l\u2019odio e la pulizia etnica perpetrati dal comunismo titino \u00e8 un dovere e l\u2019unico modo che abbiamo per rendere giustizia a tutte le vittime della barbara ferocia delle Foibe e dell\u2019esodo giuliano-dalmata del secondo dopoguerra. Tra di loro ci furono almeno 140 sardi, militari, minatori del Sulcis giunti da Carbonia per lavorare duramente nelle miniere istriane, dipendenti pubblici. \u00c8 alle loro famiglie che va il pensiero commosso di tutta la Giunta regionale, unito alla ferma condanna di ogni forma di totalitarismo\u201d. Lo ha detto il Presidente della Regione sarda nel \u201cGiorno del ricordo\u201d rivolgendo un pensiero alle migliaia di vittime delle foibe, comprese le famiglie sarde coinvolte in una delle pi\u00f9 sanguinarie, violente e disumane stragi che la storia ricordi.<\/p>\n\n\n\n<p>\u201cL\u2019orrore delle Foibe non pu\u00f2 essere dimenticato e, anzi, \u00e8 proprio alimentando il ricordo e la memoria che possiamo evitare il ripetersi di fatti cos\u00ec atroci e sanguinari \u2013 prosegue il Presidente \u2013 Oggi pi\u00f9 che mai abbiamo il dovere di non dimenticare questa drammatica pagina di Storia per troppo tempo nascosta e, addirittura, negata a una narrazione autentica e libera da ideologie\". Red<\/p>\n","protected":false},"excerpt":{"rendered":"<p>Cagliari, 10 Feb 2023 \u2013\u00a0\u201cIl dolore, la ferocia, l\u2019esodo, la morte, rivivono in questo giorno e in questa ricorrenza. Tenere scolpiti nella mente l\u2019odio e&#8230;<\/p>\n","protected":false},"author":2,"featured_media":187128,"comment_status":"closed","ping_status":"open","sticky":false,"template":"","format":"standard","meta":[],"categories":[49,52],"tags":[],"_links":{"self":[{"href":"https:\/\/www.cronacaonline.it\/index.php\/wp-json\/wp\/v2\/posts\/232170"}],"collection":[{"href":"https:\/\/www.cronacaonline.it\/index.php\/wp-json\/wp\/v2\/posts"}],"about":[{"href":"https:\/\/www.cronacaonline.it\/index.php\/wp-json\/wp\/v2\/types\/post"}],"author":[{"embeddable":true,"href":"https:\/\/www.cronacaonline.it\/index.php\/wp-json\/wp\/v2\/users\/2"}],"replies":[{"embeddable":true,"href":"https:\/\/www.cronacaonline.it\/index.php\/wp-json\/wp\/v2\/comments?post=232170"}],"version-history":[{"count":1,"href":"https:\/\/www.cronacaonline.it\/index.php\/wp-json\/wp\/v2\/posts\/232170\/revisions"}],"predecessor-version":[{"id":232171,"href":"https:\/\/www.cronacaonline.it\/index.php\/wp-json\/wp\/v2\/posts\/232170\/revisions\/232171"}],"wp:featuredmedia":[{"embeddable":true,"href":"https:\/\/www.cronacaonline.it\/index.php\/wp-json\/wp\/v2\/media\/187128"}],"wp:attachment":[{"href":"https:\/\/www.cronacaonline.it\/index.php\/wp-json\/wp\/v2\/media?parent=232170"}],"wp:term":[{"taxonomy":"category","embeddable":true,"href":"https:\/\/www.cronacaonline.it\/index.php\/wp-json\/wp\/v2\/categories?post=232170"},{"taxonomy":"post_tag","embeddable":true,"href":"https:\/\/www.cronacaonline.it\/index.php\/wp-json\/wp\/v2\/tags?post=232170"}],"curies":[{"name":"wp","href":"https:\/\/api.w.org\/{rel}","templated":true}]}}