{"id":232092,"date":"2023-02-08T16:49:11","date_gmt":"2023-02-08T15:49:11","guid":{"rendered":"https:\/\/www.cronacaonline.it\/?p=232092"},"modified":"2023-02-08T16:49:14","modified_gmt":"2023-02-08T15:49:14","slug":"politiche-sociali-lassessore-doria-al-lavoro-con-i-comuni-per-potenziare-lattivita-dei-plus","status":"publish","type":"post","link":"https:\/\/www.cronacaonline.it\/index.php\/2023\/02\/08\/politiche-sociali-lassessore-doria-al-lavoro-con-i-comuni-per-potenziare-lattivita-dei-plus\/","title":{"rendered":"Politiche sociali, l\u2019assessore Doria: \u201cal lavoro con i comuni per potenziare l\u2019attivit\u00e0 dei plus\u201d."},"content":{"rendered":"\n<p>Cagliari, 8 Feb 2022\u00a0\u2013 Realizzare un nuovo assetto dei Plus della Sardegna per rafforzare la capacit\u00e0 di programmazione e di spesa delle risorse disponibili sui progetti e le misure a favore dei cittadini. Questo il tema sul quale si \u00e8 svolto, oggi, l\u2019incontro tra l\u2019assessore regionale dell\u2019Igiene e Sanit\u00e0 e dell\u2019Assistenza sociale, Carlo Doria, e i sindaci e rappresentanti dei Comuni capofila dei ventiquattro Plus dell\u2019Isola. \u201cUn\u2019occasione \u2013 dichiara l\u2019assessore Doria \u2013 per discutere delle criticit\u00e0 e delle possibili soluzioni da mettere in campo. Abbiamo davanti sfide importanti. Ricordo che attraverso i Plus vengono gestite misure di grande rilevanza sociale con ingenti risorse nazionali e regionali, si pensi ad esempio al programma Ritornare a casa, a favore delle persone con disabilit\u00e0 gravissima, per il quale solo nel 2022 sono stati impiegati oltre 36 milioni di euro\u201d.<\/p>\n\n\n\n<p>\u201cTra i problemi rappresentati dai sindaci \u2013 precisa l\u2019assessore Doria \u2013 ne abbiamo individuato due in particolare. Il primo \u00e8 di carattere tecnico: quando vengono stanziate le risorse a favore dei Plus queste si agganciano ai bilanci del Comune capofila con ci\u00f2 che comporta in termini di vincoli e limitazioni alla spesa, un meccanismo non sempre agile, con inevitabili ricadute su tutti i Comuni che appartengono allo stesso ambito. Il secondo tema riguarda l\u2019estrema precariet\u00e0 del personale che lavora negli Uffici di Piano, anch\u2019esso legato ai Comuni capofila e ai relativi limiti in termini di assunzioni, con il rischio per il Plus di perdere per strada un prezioso bagaglio di competenze maturate. Entrambe queste criticit\u00e0 hanno radici lontane, in particolare dal 2011, con la Legge sulla revisione della spesa che ha posto vincoli molto stringenti agli Enti Locali, sia in termini di spesa, sia per ci\u00f2 che attiene il turnover del personale. Oggi, per\u00f2, poter dedicare personale qualificato e dare continuit\u00e0 all\u2019azione amministrativa dei Plus \u00e8 strategico per le attivit\u00e0 svolte e i servizi a favore dei cittadini\u201d.<\/p>\n\n\n\n<p>\u201cNel confronto di oggi \u2013 spiega l\u2019assessore Doria \u2013 abbiamo indicato due strade. Una prima risposta potrebbe arrivare con l\u2019approvazione del collegato alla Finanziaria, che verr\u00e0 discusso entro un mese, con il quale proporremo una programmazione pluriennale delle risorse destinate ai Plus. Un aspetto che attenuerebbe di molto le criticit\u00e0. La seconda \u00e8 una soluzione strutturale e riguarda la possibilit\u00e0, nei limiti di quanto previsto dalla legge, di attribuire ai Plus personalit\u00e0 giuridica e quindi autonomia rispetto ai Comuni capofila, aspetto che renderebbe pi\u00f9 snello l\u2019impiego delle risorse, superando allo stesso tempo i problemi legati al reclutamento del personale\u201d.<\/p>\n\n\n\n<p>\u201cPer definire queste soluzioni a breve avvieremo con i Comuni capofila dei Plus, l\u2019Anci e il Cal un tavolo di coordinamento al quale lavoreremo per dare nei tempi pi\u00f9 brevi una risposta concreta ai territori e quindi ai cittadini\u201d, conclude l\u2019assessore Doria. Com<\/p>\n","protected":false},"excerpt":{"rendered":"<p>Cagliari, 8 Feb 2022\u00a0\u2013 Realizzare un nuovo assetto dei Plus della Sardegna per rafforzare la capacit\u00e0 di programmazione e di spesa delle risorse disponibili sui&#8230;<\/p>\n","protected":false},"author":2,"featured_media":232093,"comment_status":"closed","ping_status":"open","sticky":false,"template":"","format":"standard","meta":[],"categories":[49,52],"tags":[],"_links":{"self":[{"href":"https:\/\/www.cronacaonline.it\/index.php\/wp-json\/wp\/v2\/posts\/232092"}],"collection":[{"href":"https:\/\/www.cronacaonline.it\/index.php\/wp-json\/wp\/v2\/posts"}],"about":[{"href":"https:\/\/www.cronacaonline.it\/index.php\/wp-json\/wp\/v2\/types\/post"}],"author":[{"embeddable":true,"href":"https:\/\/www.cronacaonline.it\/index.php\/wp-json\/wp\/v2\/users\/2"}],"replies":[{"embeddable":true,"href":"https:\/\/www.cronacaonline.it\/index.php\/wp-json\/wp\/v2\/comments?post=232092"}],"version-history":[{"count":1,"href":"https:\/\/www.cronacaonline.it\/index.php\/wp-json\/wp\/v2\/posts\/232092\/revisions"}],"predecessor-version":[{"id":232094,"href":"https:\/\/www.cronacaonline.it\/index.php\/wp-json\/wp\/v2\/posts\/232092\/revisions\/232094"}],"wp:featuredmedia":[{"embeddable":true,"href":"https:\/\/www.cronacaonline.it\/index.php\/wp-json\/wp\/v2\/media\/232093"}],"wp:attachment":[{"href":"https:\/\/www.cronacaonline.it\/index.php\/wp-json\/wp\/v2\/media?parent=232092"}],"wp:term":[{"taxonomy":"category","embeddable":true,"href":"https:\/\/www.cronacaonline.it\/index.php\/wp-json\/wp\/v2\/categories?post=232092"},{"taxonomy":"post_tag","embeddable":true,"href":"https:\/\/www.cronacaonline.it\/index.php\/wp-json\/wp\/v2\/tags?post=232092"}],"curies":[{"name":"wp","href":"https:\/\/api.w.org\/{rel}","templated":true}]}}