{"id":232076,"date":"2023-02-08T15:41:26","date_gmt":"2023-02-08T14:41:26","guid":{"rendered":"https:\/\/www.cronacaonline.it\/?p=232076"},"modified":"2023-02-08T15:41:27","modified_gmt":"2023-02-08T14:41:27","slug":"superbonus-la-regione-sardegna-gia-al-lavoro-per-dare-gambe-alla-misura-della-finanziaria","status":"publish","type":"post","link":"https:\/\/www.cronacaonline.it\/index.php\/2023\/02\/08\/superbonus-la-regione-sardegna-gia-al-lavoro-per-dare-gambe-alla-misura-della-finanziaria\/","title":{"rendered":"Superbonus, la Regione Sardegna gi\u00e0 al lavoro per dare gambe alla misura della finanziaria."},"content":{"rendered":"\n<p>Cagliari, 8 Feb 2023 \u2013\u00a0Sono tre le esigenze che la Regione deve rispettare nell\u2019operazione di acquisto dei crediti fiscali legati al Superbonus: acquistare solo ci\u00f2 che si pu\u00f2 portare direttamente a compensazione (il programma di acquisto non comporta oneri per il sistema-Regione proprio perch\u00e9 verr\u00e0 impostato in maniera tale da garantire la pi\u00f9 celere compensazione); avere certezza dei crediti, che dovranno essere certificati in un\u2019ottica di legittimit\u00e0 dell\u2019operazione, trasparenza e buon funzionamento della misura; \u00a0conseguire un risparmio economico per l\u2019Amministrazione derivante dal differenziale tra prezzo di acquisto e valore della compensazione effettiva (il programma di acquisto non comporta quindi maggiori oneri per le casse regionali). \u00c8 gi\u00e0 in via di analisi, modifica, predisposizione la misura sul superbonus definita con la Manovra finanziaria 23-25 con l\u2019obiettivo di apportare quelle modifiche, anche di carattere tecnico come per esempio l\u2018adeguamento degli F24 della Regione da parte dell\u2019Agenzia delle Entrate, per dare gambe al provvedimento sull\u2019acquisizione dei crediti fiscali.<\/p>\n\n\n\n<p>\u201cLa Regione Sardegna ha fatto da apripista nella volont\u00e0 di acquistare i crediti d\u2019imposta derivanti dagli interventi dei bonus edilizi e del superbonus 110% ed \u00e8 pronta a proseguire nel percorso avviato in Finanziaria, con l\u2019obiettivo di dare sollievo alle imprese e ai privati, andando a sbloccare un mercato fermo ormai da mesi\u201d, spiega in una nota il Presidente della Regione Sardegna.<\/p>\n\n\n\n<p>\u201cCon questa ulteriore misura, che si aggiunge a quelle messe in campo per fronteggiare gi effetti della crisi sui vari comparti della nostra economia, rafforziamo il sistema economico sardo dando pieno sostegno a imprese e cittadini\u201d, ha evidenziato sempre il Presidente ricordando come dopo l\u2019anticipazione dei crediti fiscali operata attraverso la finanziaria regionale, Sfirs (oltre 250 milioni di euro, divisi su tre tranche di finanziamento, sono attualmente in istruttoria per la liquidazione delle domande presentate sulla linea B-Credito di Filiera Superbonus 110% del Fondo Sardinian Fintech, gestito da Sfirs, a fronte di 380 milioni di credito fiscale previsti), la Regione intende ora mettere a punto il programma di acquisto, mettendo a disposizione degli operatori privati del mercato la propria capacit\u00e0 fiscale.<\/p>\n\n\n\n<p>La norma in Finanziaria prevede anche la possibilit\u00e0 di avviare un sistema di garanzie a carico di strumenti gi\u00e0 in atto per garantire ulteriormente la negoziazione dei crediti e anche in questo \u00e8 alta l\u2019attenzione delle altre regioni d\u2019Italia che seguendo l\u2019esempio della Sardegna, prima regione d\u2019Italia ad aver avviato un percorso di questo tipo, intendono inserirsi per disincagliare i crediti impigliati nelle maglie della burocrazia. Qualora per esempio ci siano problemi sulla compensazione del credito di un\u2019impresa, la Regione pu\u00f2 farsi garante del buon esito della negoziazione attraverso il fondo di garanzia, Frgpmi gestito dalla Sfirs che secondo le prime analisi potrebbe essere adeguato. La norma messa appunto in Finanziaria intende infatti rafforzare le ricadute positive di carattere economico, sociale e ambientale connesse alle diverse misure avviare a livello nazionale che hanno istituito detrazioni fiscali per la realizzazione di specifici interventi o l\u2019opzione per la cessione o per lo sconto al posto delle detrazioni recuperabili sotto forma di crediti d\u2019imposta e in particolare del Superbonus.<\/p>\n\n\n\n<p>All\u2019analisi sull\u2019impatto della misura (ricadute su imprese e famiglie) e alle stime rispetto a quanto la Regione potr\u00e0 compensare (i 40-50 milioni di capienza fiscale mensile sono solo riferiti all\u2019Iva) fanno da corredo una serie di approfondimenti che la Programmazione sta gi\u00e0 attivando. Si sta valutando l\u2019ipotesi di attivare il piano abbracciando l\u2019intero sistema- Regione (non solo l\u2019Amministrazione ma anche le Agenzie, per esempio) in maniera tale da aumentare la massa a disposizione. Entro 90 giorni la Regione dovr\u00e0 predisporre la delibera di Giunta che indica e risolve tutte queste criticit\u00e0. Com<\/p>\n","protected":false},"excerpt":{"rendered":"<p>Cagliari, 8 Feb 2023 \u2013\u00a0Sono tre le esigenze che la Regione deve rispettare nell\u2019operazione di acquisto dei crediti fiscali legati al Superbonus: acquistare solo ci\u00f2&#8230;<\/p>\n","protected":false},"author":2,"featured_media":187129,"comment_status":"closed","ping_status":"open","sticky":false,"template":"","format":"standard","meta":[],"categories":[49,52],"tags":[],"_links":{"self":[{"href":"https:\/\/www.cronacaonline.it\/index.php\/wp-json\/wp\/v2\/posts\/232076"}],"collection":[{"href":"https:\/\/www.cronacaonline.it\/index.php\/wp-json\/wp\/v2\/posts"}],"about":[{"href":"https:\/\/www.cronacaonline.it\/index.php\/wp-json\/wp\/v2\/types\/post"}],"author":[{"embeddable":true,"href":"https:\/\/www.cronacaonline.it\/index.php\/wp-json\/wp\/v2\/users\/2"}],"replies":[{"embeddable":true,"href":"https:\/\/www.cronacaonline.it\/index.php\/wp-json\/wp\/v2\/comments?post=232076"}],"version-history":[{"count":1,"href":"https:\/\/www.cronacaonline.it\/index.php\/wp-json\/wp\/v2\/posts\/232076\/revisions"}],"predecessor-version":[{"id":232077,"href":"https:\/\/www.cronacaonline.it\/index.php\/wp-json\/wp\/v2\/posts\/232076\/revisions\/232077"}],"wp:featuredmedia":[{"embeddable":true,"href":"https:\/\/www.cronacaonline.it\/index.php\/wp-json\/wp\/v2\/media\/187129"}],"wp:attachment":[{"href":"https:\/\/www.cronacaonline.it\/index.php\/wp-json\/wp\/v2\/media?parent=232076"}],"wp:term":[{"taxonomy":"category","embeddable":true,"href":"https:\/\/www.cronacaonline.it\/index.php\/wp-json\/wp\/v2\/categories?post=232076"},{"taxonomy":"post_tag","embeddable":true,"href":"https:\/\/www.cronacaonline.it\/index.php\/wp-json\/wp\/v2\/tags?post=232076"}],"curies":[{"name":"wp","href":"https:\/\/api.w.org\/{rel}","templated":true}]}}