{"id":231994,"date":"2023-02-06T19:35:21","date_gmt":"2023-02-06T18:35:21","guid":{"rendered":"https:\/\/www.cronacaonline.it\/?p=231994"},"modified":"2023-02-06T19:35:23","modified_gmt":"2023-02-06T18:35:23","slug":"intesa-regione-sarda-carabinieri-il-presidente-della-regione-sardegna-riceve-a-villa-devoto-i-generali-bernardini-e-gargaro","status":"publish","type":"post","link":"https:\/\/www.cronacaonline.it\/index.php\/2023\/02\/06\/intesa-regione-sarda-carabinieri-il-presidente-della-regione-sardegna-riceve-a-villa-devoto-i-generali-bernardini-e-gargaro\/","title":{"rendered":"Intesa regione sarda-carabinieri: il presidente della Regione Sardegna riceve a Villa Devoto i Generali Bernardini e Gargaro."},"content":{"rendered":"\n<p>Cagliari, 6 Feb 2023 -\u00a0Regione Sarda e Arma dei Carabinieri confermano il reciproco impegno sugli investimenti per la realizzazione di nuove caserme e per la ristrutturazione dei presidi esistenti.<\/p>\n\n\n\n<p>\u201cI Carabinieri sono un presidio irrinunciabile per la sicurezza pubblica, \u00e8 doveroso agevolare la loro presenza su tutti i territori\u201d - ha affermato il Presidente della Regione Sardegna.<\/p>\n\n\n\n<p>Infatti, la Regione sarda conferma il proprio impegno sancito alcuni mesi fa con la firma del primo protocollo d\u2019intesa. Oggi a Villa Devoto il Presidente ha ricevuto il Generale di corpo d\u2019armata Enzo Bernardini, comandante interregionale \"Podgora\" e il Generale Francesco Gargaro, Comandante della Legione Sardegna.&nbsp;<\/p>\n\n\n\n<p>Nell\u2019incontro \u00e8 stato confermato il sostegno della Regione per realizzare strutture da destinare all'utilizzo da parte dell'Arma dei Carabinieri quali presidi territoriali, per interventi infrastrutturali finalizzati all'efficientamento energetico e all'adeguamento degli immobili di propriet\u00e0 demaniale gi\u00e0 in uso all'Arma. Previsti anche interventi di manutenzione degli immobili di propriet\u00e0 regionale adibiti a caserme dell'Arma dei Carabinieri.<\/p>\n\n\n\n<p>L'Arma dei Carabinieri individuer\u00e0 e proporr\u00e0 gli interventi, che saranno valutati dalla Regione sulla base delle risorse disponibili. Le operazioni saranno coordinate con il coinvolgimento degli Enti Locali.<\/p>\n","protected":false},"excerpt":{"rendered":"<p>Cagliari, 6 Feb 2023 &#8211;\u00a0Regione Sarda e Arma dei Carabinieri confermano il reciproco impegno sugli investimenti per la realizzazione di nuove caserme e per la&#8230;<\/p>\n","protected":false},"author":2,"featured_media":231996,"comment_status":"closed","ping_status":"open","sticky":false,"template":"","format":"standard","meta":[],"categories":[49,52],"tags":[],"_links":{"self":[{"href":"https:\/\/www.cronacaonline.it\/index.php\/wp-json\/wp\/v2\/posts\/231994"}],"collection":[{"href":"https:\/\/www.cronacaonline.it\/index.php\/wp-json\/wp\/v2\/posts"}],"about":[{"href":"https:\/\/www.cronacaonline.it\/index.php\/wp-json\/wp\/v2\/types\/post"}],"author":[{"embeddable":true,"href":"https:\/\/www.cronacaonline.it\/index.php\/wp-json\/wp\/v2\/users\/2"}],"replies":[{"embeddable":true,"href":"https:\/\/www.cronacaonline.it\/index.php\/wp-json\/wp\/v2\/comments?post=231994"}],"version-history":[{"count":1,"href":"https:\/\/www.cronacaonline.it\/index.php\/wp-json\/wp\/v2\/posts\/231994\/revisions"}],"predecessor-version":[{"id":231997,"href":"https:\/\/www.cronacaonline.it\/index.php\/wp-json\/wp\/v2\/posts\/231994\/revisions\/231997"}],"wp:featuredmedia":[{"embeddable":true,"href":"https:\/\/www.cronacaonline.it\/index.php\/wp-json\/wp\/v2\/media\/231996"}],"wp:attachment":[{"href":"https:\/\/www.cronacaonline.it\/index.php\/wp-json\/wp\/v2\/media?parent=231994"}],"wp:term":[{"taxonomy":"category","embeddable":true,"href":"https:\/\/www.cronacaonline.it\/index.php\/wp-json\/wp\/v2\/categories?post=231994"},{"taxonomy":"post_tag","embeddable":true,"href":"https:\/\/www.cronacaonline.it\/index.php\/wp-json\/wp\/v2\/tags?post=231994"}],"curies":[{"name":"wp","href":"https:\/\/api.w.org\/{rel}","templated":true}]}}