{"id":231990,"date":"2023-02-06T17:18:56","date_gmt":"2023-02-06T16:18:56","guid":{"rendered":"https:\/\/www.cronacaonline.it\/?p=231990"},"modified":"2023-02-06T17:18:58","modified_gmt":"2023-02-06T16:18:58","slug":"energia-assessora-anita-pili-dalla-finanziaria-70-milioni-per-imprese-e-famiglie","status":"publish","type":"post","link":"https:\/\/www.cronacaonline.it\/index.php\/2023\/02\/06\/energia-assessora-anita-pili-dalla-finanziaria-70-milioni-per-imprese-e-famiglie\/","title":{"rendered":"Energia, Assessora Anita Pili: dalla finanziaria 70 milioni per imprese e famiglie."},"content":{"rendered":"\n<p>Cagliari, 6 Feb 2023\u00a0\u2013 Settanta milioni per il \u201cpacchetto efficientamento energetico\u201d: \u00e8 questa la somma stanziata dalla finanziaria regionale, approvata dal consiglio, che supporter\u00e0 imprese e famiglie nella spesa per l\u2019energia rispettivamente con 30 e 40 milioni.<\/p>\n\n\n\n<p>\u201cPer favorire l\u2019abbattimento dei costi energetici \u2013 afferma nella nota l\u2019assessore dell\u2019Industria, Anita Pili \u2013 \u00e8 necessario proseguire sulla strada della transizione energetica, privilegiando fonti di energia rinnovabile e autoprodotta. Si dovranno favorire le associazioni tra comuni: proprio in quest\u2019ottica, specifica Pili, con un emendamento dedicato sono stati stanziati ulteriori 2 milioni di euro di risorse destinate ai comuni della Sardegna al di sopra dei 5mila abitanti, per l\u2019implementazione delle comunit\u00e0 energetiche. Si tratta dei comuni finora esclusi dai precedenti finanziamenti regionali e dai fondi del Pnrr, destinati solo ai comuni al di sotto del 5mila abitanti\u201d.<\/p>\n\n\n\n<p>\u201cI 30 milioni destinati al sostegno delle micro, piccole e medie imprese \u2013 spiega l\u2019assessore dell\u2019Industria \u2013 prevedono sia il sostegno alla realizzazione di interventi di adeguamento e rinnovo degli impianti, sia interventi di efficientamento energetico e miglioramento emissivo degli edifici. Non dimentichiamo \u2013 prosegue Pili \u2013 che l\u2019incremento dell\u2019efficienza energetica nei comparti produttivi \u00e8 uno dei capisaldi del Green Deal Europeo, che prevede di raggiungere la quasi totale decarbonizzazione nel 2050: per farlo, \u00e8 fondamentale proseguire nella strada della riduzione dei costi energetici e dell\u2019ottimizzazione dei processi di produzione, adottando, ad esempio, nuove soluzioni di&nbsp;smart manufacturing, incrementando l\u2019efficienza dei macchinari e ottimizzando cos\u00ec tempi e risultati delle produzioni\u201d.<\/p>\n\n\n\n<p>\u201cLa Sardegna \u2013 aggiunge l\u2019assessore dell\u2019Industria \u2013 sta facendo enormi passi avanti nella transizione energetica. Le comunit\u00e0 energetiche sono gi\u00e0 realt\u00e0 in molte aree della regione, i cui comuni possono dotarsi di energia autoprodotta. Proseguiamo quindi su una strada che sta gi\u00e0 dando ottimi risultati e, nel tempo, potr\u00e0 rendere la Sardegna autosufficiente dal punto di vista energetico.<\/p>\n\n\n\n<p>Inoltre, con il recente accordo sottoscritto con Assessorato della Difesa dell\u2019Ambiente, Anci, Cal e Universit\u00e0 di Cagliari e Sassari, portiamo la cultura dell\u2019ecosostenibilit\u00e0 e della transizione verde nelle scuole e nelle comunit\u00e0 locali, per sensibilizzare i cittadini fin da giovani sull\u2019importanza delle buone pratiche finalizzate a garantire una maggiore efficacia delle politiche di adattamento, le uniche da intraprendere per assicurarci un futuro che rispetti l\u2019ambiente e ottimizzi le risorse\u201d.<\/p>\n\n\n\n<p>Infine \u201cLa Regione Sardegna \u2013 conclude il Presidente della Regione \u2013 gi\u00e0 da tempo sta mettendo in campo le risorse necessarie al proprio efficientamento energetico, e al sostegno delle comunit\u00e0 e delle famiglie. La misura approvata con la manovra segue quanto gi\u00e0 previsto dalla Legge sull\u2019Energia lo scorso ottobre, con&nbsp;l\u2019introduzione del reddito energetico. In particolare, dice il Presidente, si vuole favorire la spinta sulle energie rinnovabili e gli impianti domestici di accumulo, attraverso finanziamenti che vadano a dare sostegno alle famiglie, le quali si trovano ancora in uno stato di difficolt\u00e0, causato dall\u2019aumento dei prezzi dell\u2019energia dovuto alla congiuntura internazionale\u201d.<\/p>\n\n\n\n<p>La finanziaria include, infine, la concessione di contributi in conto capitale per le imprese e le famiglie al fine di favorire l'efficientamento energetico, che avr\u00e0 come conseguenza la riduzione dei costi per l'energia. Com<\/p>\n","protected":false},"excerpt":{"rendered":"<p>Cagliari, 6 Feb 2023\u00a0\u2013 Settanta milioni per il \u201cpacchetto efficientamento energetico\u201d: \u00e8 questa la somma stanziata dalla finanziaria regionale, approvata dal consiglio, che supporter\u00e0 imprese&#8230;<\/p>\n","protected":false},"author":2,"featured_media":209712,"comment_status":"closed","ping_status":"open","sticky":false,"template":"","format":"standard","meta":[],"categories":[49,52],"tags":[],"_links":{"self":[{"href":"https:\/\/www.cronacaonline.it\/index.php\/wp-json\/wp\/v2\/posts\/231990"}],"collection":[{"href":"https:\/\/www.cronacaonline.it\/index.php\/wp-json\/wp\/v2\/posts"}],"about":[{"href":"https:\/\/www.cronacaonline.it\/index.php\/wp-json\/wp\/v2\/types\/post"}],"author":[{"embeddable":true,"href":"https:\/\/www.cronacaonline.it\/index.php\/wp-json\/wp\/v2\/users\/2"}],"replies":[{"embeddable":true,"href":"https:\/\/www.cronacaonline.it\/index.php\/wp-json\/wp\/v2\/comments?post=231990"}],"version-history":[{"count":1,"href":"https:\/\/www.cronacaonline.it\/index.php\/wp-json\/wp\/v2\/posts\/231990\/revisions"}],"predecessor-version":[{"id":231991,"href":"https:\/\/www.cronacaonline.it\/index.php\/wp-json\/wp\/v2\/posts\/231990\/revisions\/231991"}],"wp:featuredmedia":[{"embeddable":true,"href":"https:\/\/www.cronacaonline.it\/index.php\/wp-json\/wp\/v2\/media\/209712"}],"wp:attachment":[{"href":"https:\/\/www.cronacaonline.it\/index.php\/wp-json\/wp\/v2\/media?parent=231990"}],"wp:term":[{"taxonomy":"category","embeddable":true,"href":"https:\/\/www.cronacaonline.it\/index.php\/wp-json\/wp\/v2\/categories?post=231990"},{"taxonomy":"post_tag","embeddable":true,"href":"https:\/\/www.cronacaonline.it\/index.php\/wp-json\/wp\/v2\/tags?post=231990"}],"curies":[{"name":"wp","href":"https:\/\/api.w.org\/{rel}","templated":true}]}}