{"id":231979,"date":"2023-02-06T16:53:15","date_gmt":"2023-02-06T15:53:15","guid":{"rendered":"https:\/\/www.cronacaonline.it\/?p=231979"},"modified":"2023-02-06T16:53:17","modified_gmt":"2023-02-06T15:53:17","slug":"finanziaria-assessore-biancareddu-interventi-a-favore-delle-scuole-autonome-di-ogni-ordine-e-grado-per-visite-guidate-al-ricco-patrimonio-museale-e-archeologico-della-sardegna","status":"publish","type":"post","link":"https:\/\/www.cronacaonline.it\/index.php\/2023\/02\/06\/finanziaria-assessore-biancareddu-interventi-a-favore-delle-scuole-autonome-di-ogni-ordine-e-grado-per-visite-guidate-al-ricco-patrimonio-museale-e-archeologico-della-sardegna\/","title":{"rendered":"Finanziaria &#8211; Assessore Biancareddu: interventi a favore delle scuole autonome di ogni ordine e grado per visite guidate al ricco patrimonio museale e archeologico della Sardegna."},"content":{"rendered":"\n<p>Cagliari, 6 Feb 2023\u00a0- La Regione ha finanziato il piano di investimenti pari a 750 mila euro per Interventi a sostegno dell\u2019autonomia organizzativa e didattica e per il successo scolastico a favore delle scuole autonome di ogni ordine e grado della Sardegna. L\u2019intervento, voluto dall\u2019assessore alla Pubblica Istruzione, Andrea Biancareddu, si inserisce negli interventi finanziati con la Manovra Finanziaria 2023-2025.<\/p>\n\n\n\n<p>La spesa complessiva sar\u00e0 di 250 mila euro per ciascuno degli anni 2023, 2024 e 2025 per consentire alle Autonomie scolastiche, con sede nel territorio della Regione, lo svolgimento di visite didattiche presso siti archeologici, museali, culturali di particolare rilevanza sul territorio regionale e la realizzazione di progetti speciali, rivolti in particolare al contrasto della dispersione scolastica.<\/p>\n\n\n\n<p>\u201cLa norma - sottolinea l\u2019assessore Biancareddu - ha una duplice finalit\u00e0. Da un lato quello di permettere il finanziamento della partecipazione delle Autonomie scolastiche a progetti speciali che consentano soprattutto di contrastare la dispersione scolastica (quali manifestazioni, fiere, gare e concorsi nazionali). L\u2019altra finalit\u00e0 \u00e8 quella di consentire agli studenti, la fruizione guidata di tutti i possibili spazi culturali di cui la Sardegna \u00e8 ricchissima. Si tratta di uscite didattiche istruttive, ripartite a seguito della fine dello stato di emergenza sanitaria.<\/p>\n\n\n\n<p>I progetti speciali consentono, tra l'altro, di favorire il confronto proficuo con le Autonomie presenti nel territorio nazionale e regionale, al fine di individuare delle buone pratiche e attivare rapporti di collaborazione in rete che garantiscano la crescita individuale degli studenti e dell\u2019intero sistema scolastico in generale.<\/p>\n\n\n\n<p>Le visite didattiche guidate, invece, consentono agli studenti di conoscere il patrimonio artistico e culturale della propria Regione, favorendone la valorizzazione.<\/p>\n\n\n\n<p>Negli ultimi anni sono stati finanziati circa 44 progetti speciali, con un costo medio per progetto di oltre&nbsp;4 mila euro e circa 29 visite guidate nel territorio regionale, con un costo medio per visita di circa euro 3 mila e 500 euro.<\/p>\n\n\n\n<p>Lo stanziamento previsto, che terrebbe conto della necessit\u00e0 di garantire l\u2019adozione delle necessarie misure di sicurezza sanitaria emerse in modo particolare negli ultimi anni, consentirebbe di finanziare circa 60 progetti o visite guidate all'anno, aventi un costo medio di euro 4 mila euro. Com<\/p>\n","protected":false},"excerpt":{"rendered":"<p>Cagliari, 6 Feb 2023\u00a0&#8211; La Regione ha finanziato il piano di investimenti pari a 750 mila euro per Interventi a sostegno dell\u2019autonomia organizzativa e didattica&#8230;<\/p>\n","protected":false},"author":2,"featured_media":230442,"comment_status":"closed","ping_status":"open","sticky":false,"template":"","format":"standard","meta":[],"categories":[49,52],"tags":[],"_links":{"self":[{"href":"https:\/\/www.cronacaonline.it\/index.php\/wp-json\/wp\/v2\/posts\/231979"}],"collection":[{"href":"https:\/\/www.cronacaonline.it\/index.php\/wp-json\/wp\/v2\/posts"}],"about":[{"href":"https:\/\/www.cronacaonline.it\/index.php\/wp-json\/wp\/v2\/types\/post"}],"author":[{"embeddable":true,"href":"https:\/\/www.cronacaonline.it\/index.php\/wp-json\/wp\/v2\/users\/2"}],"replies":[{"embeddable":true,"href":"https:\/\/www.cronacaonline.it\/index.php\/wp-json\/wp\/v2\/comments?post=231979"}],"version-history":[{"count":1,"href":"https:\/\/www.cronacaonline.it\/index.php\/wp-json\/wp\/v2\/posts\/231979\/revisions"}],"predecessor-version":[{"id":231980,"href":"https:\/\/www.cronacaonline.it\/index.php\/wp-json\/wp\/v2\/posts\/231979\/revisions\/231980"}],"wp:featuredmedia":[{"embeddable":true,"href":"https:\/\/www.cronacaonline.it\/index.php\/wp-json\/wp\/v2\/media\/230442"}],"wp:attachment":[{"href":"https:\/\/www.cronacaonline.it\/index.php\/wp-json\/wp\/v2\/media?parent=231979"}],"wp:term":[{"taxonomy":"category","embeddable":true,"href":"https:\/\/www.cronacaonline.it\/index.php\/wp-json\/wp\/v2\/categories?post=231979"},{"taxonomy":"post_tag","embeddable":true,"href":"https:\/\/www.cronacaonline.it\/index.php\/wp-json\/wp\/v2\/tags?post=231979"}],"curies":[{"name":"wp","href":"https:\/\/api.w.org\/{rel}","templated":true}]}}