{"id":231973,"date":"2023-02-06T16:38:36","date_gmt":"2023-02-06T15:38:36","guid":{"rendered":"https:\/\/www.cronacaonline.it\/?p=231973"},"modified":"2023-02-06T16:38:39","modified_gmt":"2023-02-06T15:38:39","slug":"superbonus-assessore-fasolino-la-regione-sardegna-pronta-ad-acquistare-i-crediti-fiscali","status":"publish","type":"post","link":"https:\/\/www.cronacaonline.it\/index.php\/2023\/02\/06\/superbonus-assessore-fasolino-la-regione-sardegna-pronta-ad-acquistare-i-crediti-fiscali\/","title":{"rendered":"Superbonus, Assessore Fasolino: la Regione Sardegna pronta ad acquistare i crediti fiscali."},"content":{"rendered":"\n<p>Cagliari, 6 Feb 2023 -\u00a0La Sardegna, prima regione d\u2019Italia a entrare nella partita Superbonus per sbloccare i crediti di imposta incagliati nelle maglie della burocrazia, diventa un esempio da seguire a livello nazionale. Le modalit\u00e0 di attuazione e le condizioni dell\u2019acquisto dei crediti edilizi di bonus, superbonus 110% ed ecobonus saranno messe a punto con una delibera di Giunta dopo che la Regione, attraverso la Finanziaria, ha messo a disposizione la propria capienza fiscale per acquistare i crediti, stimata potenzialmente in 40-50 milioni di euro al mese.<\/p>\n\n\n\n<p>La misura rappresenta il secondo intervento della Regione, che gi\u00e0, grazie al Sardinia Fintech attivato dal Centro Regionale di Programmazione e dalla Sfirs, aveva liberato liquidit\u00e0 (sotto forma di anticipazioni finanziarie da rimborsare con i crediti fiscali) per sostenere famiglie e imprese in una misura, il superbonus, che ha prodotto in Sardegna un totale di investimenti ammessi a detrazione pari a oltre 1 miliardo e 983 milioni di euro suddivisi in investimenti su edifici condominiali, edifici unifamiliari e unit\u00e0 immobiliari indipendenti (Enea, rapporto di dicembre). Oltre 250 milioni di euro, divisi su tre tranche di finanziamento, sono infatti attualmente in istruttoria per la liquidazione delle domande presentate sulla linea B-Credito di Filiera Superbonus 110% del Fondo Sardinian Fintech, gestito da Sfirs, a fronte di 380 milioni di credito fiscale previsti.<\/p>\n\n\n\n<p>Dopo l\u2019anticipazione dei crediti fiscali operata attraverso la finanziaria regionale, arriva ora il programma di acquisto della Regione che mette a disposizione degli operatori privati del mercato la propria capacit\u00e0 fiscale per l\u2019acquisizione dei crediti che poi compenser\u00e0 nei propri F24.<\/p>\n\n\n\n<p>\u201cLa Regione \u00e8 al fianco delle imprese di ogni comparto e pronta a recepirne le istanze dando anima e corpo a provvedimenti che possano alleggerire il peso della crisi e delle difficolt\u00e0 legate al momento storico che stiamo vivendo \u2013 dichiara in una nota l\u2019Assessore della Programmazione e del Bilancio, Giuseppe Fasolino - Con la norma inserita in Finanziaria rafforziamo le ricadute di carattere ambientale, sociale ed economiche relative alle diverse misure legate ai bonus edilizi, in particolare al Superbonus\u201d.<\/p>\n\n\n\n<p>La Regione riconoscendo la valenza strategica delle agevolazioni fiscali nell\u2019ultima finanziaria ha quindi posto le basi per attivare un programma di acquisto di crediti da portare direttamente a compensazione dalla stessa Regione. Cos\u00ec facendo punta a favorire la circolazione dei crediti di imposta alleggerendo il portafoglio di crediti degli ultimi concessionari in modo che possano riprendere un programma di acquisti della stessa tipologia a favore delle famiglie e delle imprese e a liberare la potenziale liquidit\u00e0 del sistema delle imprese edilizie e della filiera associata attualmente bloccata in crediti che non trovano collocazione&nbsp;in modo da favorirne la ripresa delle attivit\u00e0.<\/p>\n\n\n\n<p>Sempre con la Finanziaria, accanto alle operazioni di acquisizione dei crediti, la Regione ha promosso anche un programma di garanzie pubbliche a favore delle imprese e dei privati: sar\u00e0 infatti attivato&nbsp;un programma di garanzia e controgaranzie per favorire&nbsp;la negoziazione dei crediti tra soggetti privati nei limiti consentiti dalle norme e dalle circolari dell\u2019Agenzia delle Entrate.<\/p>\n\n\n\n<p>Dopo l\u2019anticipazione dei crediti fiscali operata attraverso la finanziaria regionale, arriva ora il programma di acquisto della Regione che mette a disposizione degli operatori privati del mercato la propria capacit\u00e0 fiscale per l\u2019acquisizione dei crediti che poi compenser\u00e0 nei propri F24.<\/p>\n\n\n\n<p>\u201cLa Sardegna \u00e8 la Regione che durante l\u2019emergenza ha investito maggiori risorse proprie per la ripresa, e con ogni strumento a disposizione, finanziario e normativo, si \u00e8 posta come obiettivo quello di sostenere il rilancio e la competitivit\u00e0 delle aziende. Le novit\u00e0 introdotte con la Finanziaria vanno in questa direzione e testimoniano la volont\u00e0 di continuare a sostenere e rafforzare la crescita del sistema economico sardo\u201d, ha concluso il Presidente della Regione Sardegna. Com<\/p>\n","protected":false},"excerpt":{"rendered":"<p>Cagliari, 6 Feb 2023 &#8211;\u00a0La Sardegna, prima regione d\u2019Italia a entrare nella partita Superbonus per sbloccare i crediti di imposta incagliati nelle maglie della burocrazia,&#8230;<\/p>\n","protected":false},"author":2,"featured_media":228248,"comment_status":"closed","ping_status":"open","sticky":false,"template":"","format":"standard","meta":[],"categories":[49,52],"tags":[],"_links":{"self":[{"href":"https:\/\/www.cronacaonline.it\/index.php\/wp-json\/wp\/v2\/posts\/231973"}],"collection":[{"href":"https:\/\/www.cronacaonline.it\/index.php\/wp-json\/wp\/v2\/posts"}],"about":[{"href":"https:\/\/www.cronacaonline.it\/index.php\/wp-json\/wp\/v2\/types\/post"}],"author":[{"embeddable":true,"href":"https:\/\/www.cronacaonline.it\/index.php\/wp-json\/wp\/v2\/users\/2"}],"replies":[{"embeddable":true,"href":"https:\/\/www.cronacaonline.it\/index.php\/wp-json\/wp\/v2\/comments?post=231973"}],"version-history":[{"count":1,"href":"https:\/\/www.cronacaonline.it\/index.php\/wp-json\/wp\/v2\/posts\/231973\/revisions"}],"predecessor-version":[{"id":231974,"href":"https:\/\/www.cronacaonline.it\/index.php\/wp-json\/wp\/v2\/posts\/231973\/revisions\/231974"}],"wp:featuredmedia":[{"embeddable":true,"href":"https:\/\/www.cronacaonline.it\/index.php\/wp-json\/wp\/v2\/media\/228248"}],"wp:attachment":[{"href":"https:\/\/www.cronacaonline.it\/index.php\/wp-json\/wp\/v2\/media?parent=231973"}],"wp:term":[{"taxonomy":"category","embeddable":true,"href":"https:\/\/www.cronacaonline.it\/index.php\/wp-json\/wp\/v2\/categories?post=231973"},{"taxonomy":"post_tag","embeddable":true,"href":"https:\/\/www.cronacaonline.it\/index.php\/wp-json\/wp\/v2\/tags?post=231973"}],"curies":[{"name":"wp","href":"https:\/\/api.w.org\/{rel}","templated":true}]}}