{"id":231969,"date":"2023-02-06T16:29:57","date_gmt":"2023-02-06T15:29:57","guid":{"rendered":"https:\/\/www.cronacaonline.it\/?p=231969"},"modified":"2023-02-06T16:29:59","modified_gmt":"2023-02-06T15:29:59","slug":"il-presidente-pais-a-bono-traduciamo-la-solidarieta-in-atti-concreti-per-non-lasciare-sole-le-nostre-comunita","status":"publish","type":"post","link":"https:\/\/www.cronacaonline.it\/index.php\/2023\/02\/06\/il-presidente-pais-a-bono-traduciamo-la-solidarieta-in-atti-concreti-per-non-lasciare-sole-le-nostre-comunita\/","title":{"rendered":"Il Presidente Pais a Bono: \u201cTraduciamo la solidariet\u00e0 in atti concreti per non lasciare sole le nostre comunit\u00e0\u201d."},"content":{"rendered":"\n<p>Bono, 6 Feb 2023 - \u201cIl Consiglio regionale \u00e8 a fianco non solo del sindaco di Bono, ultima vittima in ordine cronologico a finire nel mirino degli attentatori, ma solidarizza con tutti i primi cittadini, con i consigli comunali e con tutte le comunit\u00e0 sarde. Questa spirale di violenza deve finire\u201d.<\/p>\n\n\n\n<p>Lo ha detto il Presidente del Consiglio regionale Michele Pais intervenendo, questa mattina a Bono, alla riunione del Consiglio comunale convocato in seduta aperta nella sala consiliare della comunit\u00e0 montana del Goceano.<\/p>\n\n\n\n<p>\u201cLa nostra solidariet\u00e0 e la nostra ferma condanna verso gli autori di questi gesti intimidatori che vogliono destabilizzare il regime democratico - ha detto il Presidente - devono ora tradursi in atti concreti. Il Consiglio regionale deve tutelare sempre di pi\u00f9 gli amministratori locali che da sempre lavorano assiduamente per il bene della loro comunit\u00e0. Auspico una maggiore presenza dello Stato, pi\u00f9 risorse, pi\u00f9 personale per presidiare i nostri territori e per prevenire questi gesti. Ringrazio le&nbsp;&nbsp; Forze dell\u2019Ordine che con abnegazione costante presidiano ogni zona della Sardegna e cercano di arginare i fenomeni delinquenziali\u201d.&nbsp;<\/p>\n\n\n\n<p>Nella seduta del primo febbraio, a poche ore dall\u2019attentato incendiario che aveva distrutto l\u2019auto del sindaco di Bono Michele Solinas, l\u2019Assemblea legislativa aveva aperto i lavori esprimendo massima solidariet\u00e0 e ferma condanna per questo vile gesto.<\/p>\n\n\n\n<p>Una fratellanza ribadita anche stamattina a Bono con la presenza, oltre che del Presidente del Consiglio regionale, di numerosi consiglieri di maggioranza e di opposizione.<\/p>\n\n\n\n<p>\u201cLa cultura della non violenza - ha sottolineato il Presidente Pais - \u00e8 un principio che deve essere inculcato sin da giovanissimi. La scuola e le Istituzioni devono lavorare insieme per accompagnare gli studenti, sin dalla pi\u00f9 giovane et\u00e0, in un percorso di studio, di rispetto generale e di civilt\u00e0\u201d. Com<\/p>\n","protected":false},"excerpt":{"rendered":"<p>Bono, 6 Feb 2023 &#8211; \u201cIl Consiglio regionale \u00e8 a fianco non solo del sindaco di Bono, ultima vittima in ordine cronologico a finire nel&#8230;<\/p>\n","protected":false},"author":2,"featured_media":193992,"comment_status":"closed","ping_status":"open","sticky":false,"template":"","format":"standard","meta":[],"categories":[49,52],"tags":[],"_links":{"self":[{"href":"https:\/\/www.cronacaonline.it\/index.php\/wp-json\/wp\/v2\/posts\/231969"}],"collection":[{"href":"https:\/\/www.cronacaonline.it\/index.php\/wp-json\/wp\/v2\/posts"}],"about":[{"href":"https:\/\/www.cronacaonline.it\/index.php\/wp-json\/wp\/v2\/types\/post"}],"author":[{"embeddable":true,"href":"https:\/\/www.cronacaonline.it\/index.php\/wp-json\/wp\/v2\/users\/2"}],"replies":[{"embeddable":true,"href":"https:\/\/www.cronacaonline.it\/index.php\/wp-json\/wp\/v2\/comments?post=231969"}],"version-history":[{"count":1,"href":"https:\/\/www.cronacaonline.it\/index.php\/wp-json\/wp\/v2\/posts\/231969\/revisions"}],"predecessor-version":[{"id":231970,"href":"https:\/\/www.cronacaonline.it\/index.php\/wp-json\/wp\/v2\/posts\/231969\/revisions\/231970"}],"wp:featuredmedia":[{"embeddable":true,"href":"https:\/\/www.cronacaonline.it\/index.php\/wp-json\/wp\/v2\/media\/193992"}],"wp:attachment":[{"href":"https:\/\/www.cronacaonline.it\/index.php\/wp-json\/wp\/v2\/media?parent=231969"}],"wp:term":[{"taxonomy":"category","embeddable":true,"href":"https:\/\/www.cronacaonline.it\/index.php\/wp-json\/wp\/v2\/categories?post=231969"},{"taxonomy":"post_tag","embeddable":true,"href":"https:\/\/www.cronacaonline.it\/index.php\/wp-json\/wp\/v2\/tags?post=231969"}],"curies":[{"name":"wp","href":"https:\/\/api.w.org\/{rel}","templated":true}]}}