{"id":231866,"date":"2023-02-03T12:05:02","date_gmt":"2023-02-03T11:05:02","guid":{"rendered":"https:\/\/www.cronacaonline.it\/?p=231866"},"modified":"2023-02-03T12:05:05","modified_gmt":"2023-02-03T11:05:05","slug":"finanziaria-33-milioni-per-i-nuraghi-il-presidente-sardegna-regione-impegnata-nella-valorizzazione-del-patrimonio-archeologico-sardo-ricchezza-da-tutelare-per-le-future-generazioni","status":"publish","type":"post","link":"https:\/\/www.cronacaonline.it\/index.php\/2023\/02\/03\/finanziaria-33-milioni-per-i-nuraghi-il-presidente-sardegna-regione-impegnata-nella-valorizzazione-del-patrimonio-archeologico-sardo-ricchezza-da-tutelare-per-le-future-generazioni\/","title":{"rendered":"Finanziaria, 33 milioni per i nuraghi. Il presidente Sardegna: \u201cRegione impegnata nella valorizzazione del patrimonio archeologico sardo, ricchezza da tutelare per le future generazioni\u201d."},"content":{"rendered":"\n<p>Cagliari, 3 Feb 2022 \u2013\u00a0\u201cMettiamo la Sardegna nelle condizioni di valorizzare le sue immense ricchezze archeologiche, beni dal valore storico inestimabile, testimonianza di una civilt\u00e0 che ha preceduto di molti secoli quella romana e che rappresenta un attrattore turistico in un mercato sempre pi\u00f9 competitivo nel quale la Sardegna, pu\u00f2 presentare un'offerta turistico-culturale capace, in prospettiva, di coniugare storia, archeologia e cultura alle naturali bellezze paesaggistiche della nostra Isola\u201d. Lo ha detto il Presidente della Regione sarda a proposito dell\u2019impegno volto a valorizzare il patrimonio nuragico sardo, nella convinzione che gli interventi finanziati con la Manovra 2023-2025 costituiscano un'opportunit\u00e0, oltre che di salvaguardia e tutela dei beni, di sostegno all'economia locale per le comunit\u00e0.<\/p>\n\n\n\n<p>La Regione ha finanziato il piano di investimenti per la realizzazione degli interventi che consentiranno la valorizzazione, l\u2019accessibilit\u00e0 e la fruizione dei siti nuragici previsti nel progetto pilota-studio di fattibilit\u00e0 predisposto nel novero delle attivit\u00e0 per il riconoscimento dei monumenti della civilt\u00e0 nuragica all\u2019interno della \u2018World Heritage List\u2019 del patrimonio universale dell\u2019Unesco.<\/p>\n\n\n\n<p>\u201cLa concentrazione di siti archeologici, manufatti storici e segni della cultura millenaria presenti in maniera diffusa su tutto il territorio regionale \u2013 prosegue il Presidente - consente di identificare la Sardegna come un museo a cielo aperto. Abbiamo a disposizione un immenso patrimonio da salvaguardare e valorizzare e lo stiamo facendo anche in una prospettiva di sviluppo sostenibile, a beneficio dei sardi e delle future generazioni\u201d, ha concluso il Presidente. Le risorse saranno destinate a Enti locali, Comuni e Unioni dei Comuni. Si tratta di 33.579.200 milioni di euro complessivi, spalmati su diverse annualit\u00e0: oltre 1 milione e mezzo per l\u2019anno in corso, 2 milioni per i 2024, 10 milioni per il 2025, 15 milioni per il 2026 e 5 milioni per il 2027. Com<\/p>\n","protected":false},"excerpt":{"rendered":"<p>Cagliari, 3 Feb 2022 \u2013\u00a0\u201cMettiamo la Sardegna nelle condizioni di valorizzare le sue immense ricchezze archeologiche, beni dal valore storico inestimabile, testimonianza di una civilt\u00e0&#8230;<\/p>\n","protected":false},"author":2,"featured_media":187128,"comment_status":"closed","ping_status":"open","sticky":false,"template":"","format":"standard","meta":[],"categories":[49,52],"tags":[],"_links":{"self":[{"href":"https:\/\/www.cronacaonline.it\/index.php\/wp-json\/wp\/v2\/posts\/231866"}],"collection":[{"href":"https:\/\/www.cronacaonline.it\/index.php\/wp-json\/wp\/v2\/posts"}],"about":[{"href":"https:\/\/www.cronacaonline.it\/index.php\/wp-json\/wp\/v2\/types\/post"}],"author":[{"embeddable":true,"href":"https:\/\/www.cronacaonline.it\/index.php\/wp-json\/wp\/v2\/users\/2"}],"replies":[{"embeddable":true,"href":"https:\/\/www.cronacaonline.it\/index.php\/wp-json\/wp\/v2\/comments?post=231866"}],"version-history":[{"count":1,"href":"https:\/\/www.cronacaonline.it\/index.php\/wp-json\/wp\/v2\/posts\/231866\/revisions"}],"predecessor-version":[{"id":231867,"href":"https:\/\/www.cronacaonline.it\/index.php\/wp-json\/wp\/v2\/posts\/231866\/revisions\/231867"}],"wp:featuredmedia":[{"embeddable":true,"href":"https:\/\/www.cronacaonline.it\/index.php\/wp-json\/wp\/v2\/media\/187128"}],"wp:attachment":[{"href":"https:\/\/www.cronacaonline.it\/index.php\/wp-json\/wp\/v2\/media?parent=231866"}],"wp:term":[{"taxonomy":"category","embeddable":true,"href":"https:\/\/www.cronacaonline.it\/index.php\/wp-json\/wp\/v2\/categories?post=231866"},{"taxonomy":"post_tag","embeddable":true,"href":"https:\/\/www.cronacaonline.it\/index.php\/wp-json\/wp\/v2\/tags?post=231866"}],"curies":[{"name":"wp","href":"https:\/\/api.w.org\/{rel}","templated":true}]}}