{"id":229681,"date":"2022-11-29T14:20:42","date_gmt":"2022-11-29T13:20:42","guid":{"rendered":"https:\/\/www.cronacaonline.it\/?p=229681"},"modified":"2022-11-29T14:20:44","modified_gmt":"2022-11-29T13:20:44","slug":"consiglio-sardegna-al-via-il-solinas-bis-insediato-oggi-il-nuovo-esecutivo-regionale-surroga-consiglieri-eletti-in-parlamento-francesco-mura-e-dario-giagoni-entrano-annalisa-manca-lega-e-giann","status":"publish","type":"post","link":"https:\/\/www.cronacaonline.it\/index.php\/2022\/11\/29\/consiglio-sardegna-al-via-il-solinas-bis-insediato-oggi-il-nuovo-esecutivo-regionale-surroga-consiglieri-eletti-in-parlamento-francesco-mura-e-dario-giagoni-entrano-annalisa-manca-lega-e-giann\/","title":{"rendered":"Consiglio Sardegna &#8211; Al via il Solinas bis: insediato oggi il nuovo esecutivo regionale. Surroga consiglieri eletti in Parlamento (Francesco Mura e Dario Giagoni. Entrano Annalisa Manca (Lega) e Gianni Tatti (FdI). Illustrata la mozione 625."},"content":{"rendered":"\n<p>Cagliari 29 Nov 2022 \u2013 Questa mattina a Cagliari, la seduta del Consiglio regionale \u00e8 stata aperta dal presidente Michele Pais che, dopo le formalit\u00e0 di rito, ha letto in Aula la composizione delle nuova Giunta regionale cos\u00ec come comunicato dal presidente della Regione che ieri ha firmato il decreto con le nuove nomine assessoriali.<\/p>\n\n\n\n<p>Questi i nomi dei nuovi assessori: Giuseppe Fasolino (Programmazione e Bilancio) ricoprir\u00e0 anche la carica di vicepresidente della Giunta regionale, Andreina Farris (Affari Generali, Personale e Riforme), Carlo Doria (Sanit\u00e0), Valeria Satta (Agricoltura), Pierluigi Saiu (Lavori Pubblici), Gianni Chessa (Turismo), Antonio Moro (Trasporti), Andrea Biancareddu (Pubblica Istruzione e Cultura), Ada Lai (Lavoro), Anita Pili (Industria), Aldo Salaris (Enti Locali e Urbanistica), Marco Porcu (Ambiente).&nbsp;&nbsp;<\/p>\n\n\n\n<p>L\u2019Aula \u00e8 quindi passata alla surroga dei due consiglieri regionali eletti al Parlamento: Francesco Mura (FdI) e Dario Giagoni (Lega). Il presidente Pais dopo aver letto le lettere delle dimissioni dei due neodeputati, ha invitato la Giunta delle elezioni a ratificarle e a comunicare all\u2019Aula il nome dei sostituti. Per consentire le operazioni di verifica, il Consiglio \u00e8 stato sospeso per dieci minuti.<\/p>\n\n\n\n<p>Alla ripresa dei lavori il presidente Pais ha dato lettura della deliberazione della Giunta delle elezioni che, sulla base dei dati dell\u2019Ufficio centrale elettorale, ha indicato come sostituti Annalisa Manca (Lega) al posto di Giagoni e Gianni Tatti (Fratelli d\u2019Italia) al posto di Mura. Il presidente ha quindi invitato i due sostituti ad entrare in Aula per prestare giuramento.<\/p>\n\n\n\n<p>Successivamente il presidente ha invitato i nuovi assessori ad entrare in Aula e, nell\u2019attesa, ha sospeso brevemente la seduta.<\/p>\n\n\n\n<p>Alla ripresa dei lavori, anche i nuovi componenti dell\u2019esecutivo che non rivestono la carica di consigliere regionale hanno prestato giuramento; \u00e8 presente in Aula anche il presidente della Regione. Il presidente ha poi rivolto a tutti gli auguri di buon lavoro auspicando la sempre pi\u00f9 proficua&nbsp;collaborazione fra assemblea legislativa ed esecutivo.&nbsp;<\/p>\n\n\n\n<p>Passando all\u2019ordine del giorno, il presidente ha comunicato che il prossimo punto da discutere riguarda la Mozione n. 625 (Moriconi e pi\u00f9) sullo stato di attuazione della c.d. Omnibus 2021 e gli strumenti messi in campo dalla della Regione per affrontare la crisi economica.<\/p>\n\n\n\n<p>Prendendo la parola sull\u2019ordine dei lavori, il capogruppo di Forza Italia Angelo Cocciu ha chiesto la convocazione della conferenza dei capigruppo per organizzare i lavori della giornata.<\/p>\n\n\n\n<p>Nell\u2019accogliere la richiesta, il presidente ha sospeso la seduta.<\/p>\n\n\n\n<p>Alla ripresa dei lavori il presidente ha dato la parola al consigliere del Pd Cesare Moriconi per l\u2019illustrazione della mozione n.625.<\/p>\n\n\n\n<p>Il consigliere Moriconi ha ricordato lo stanziamento di 933 milioni circa nella Omnibus 2021, che in concreto riguarda circa 533 milioni ad un anno dall\u2019approvazione, pari al 39%, nonostante il provvedimento fosse stato definito emergenziale ed il residuo \u00e8 fermo nelle casse della Regione, non per comportamenti virtuosi ma per incapacit\u00e0 di spesa, mentre nel frattempo le entrate della Regione sono aumentate quattro volte dal 2019, superando i 2 miliardi.<\/p>\n\n\n\n<p>Di fronte a tutto questo, ha affermato Moriconi, la responsabilit\u00e0 opposizione c\u2019\u00e8 sempre stata, non si \u00e8 soffermata a sottolineare il fallimento, ma ha chiesto e proposto pi\u00f9 volte iniziative utili ed urgenti. Siamo arrivati invece alla Omnibus 2, provvedimento approvato per l\u2019ennesima volta in commissione al limite della scadenza di legge ma senza niente per il rilancio non c\u2019\u00e8 e quindi va profondamente cambiato, aprendo subito il \u201ccantiere\u201d per la manovra 2023 e la sessione di bilancio con un vero piano di investimento e sburocratizzazione altrimenti sar\u00e0 tutto inutile. Riprendendo alcuni argomenti che hanno diviso Moriconi dal suo gruppo, il consigliere ha pronunciato chiaramente il suo \u201cno\u201d all\u2019accordicchio che ha consentito alla Ominus 2 di arrivare in Aula in violazione, fra l\u2019altro, di ogni regola del Consiglio. Mi scuso per le offese, ha aggiunto, ma respingo le norme intruse e la gravissime carenze di un provvedimento che non dice niente su sanit\u00e0, protezione civile, Comuni, agricoltura e sport, comprendo che la mia posizione sia diventata inconciliabile con altre presenti nel mio gruppo e per questo rassegno le dimissioni dalla vice presidenza della commissione Bilancio, senza polemiche ma auspicando comunque una riflessione che permetta di distinguere nettamente le responsabilit\u00e0.&nbsp;<\/p>\n\n\n\n<p>Al termine dell\u2019intervento di Moriconi il presidente Pais ha tolto la seduta riconvocando il Consiglio per le 16.00. Com<\/p>\n","protected":false},"excerpt":{"rendered":"<p>Cagliari 29 Nov 2022 \u2013 Questa mattina a Cagliari, la seduta del Consiglio regionale \u00e8 stata aperta dal presidente Michele Pais che, dopo le formalit\u00e0&#8230;<\/p>\n","protected":false},"author":2,"featured_media":211603,"comment_status":"closed","ping_status":"open","sticky":false,"template":"","format":"standard","meta":[],"categories":[49,52],"tags":[],"_links":{"self":[{"href":"https:\/\/www.cronacaonline.it\/index.php\/wp-json\/wp\/v2\/posts\/229681"}],"collection":[{"href":"https:\/\/www.cronacaonline.it\/index.php\/wp-json\/wp\/v2\/posts"}],"about":[{"href":"https:\/\/www.cronacaonline.it\/index.php\/wp-json\/wp\/v2\/types\/post"}],"author":[{"embeddable":true,"href":"https:\/\/www.cronacaonline.it\/index.php\/wp-json\/wp\/v2\/users\/2"}],"replies":[{"embeddable":true,"href":"https:\/\/www.cronacaonline.it\/index.php\/wp-json\/wp\/v2\/comments?post=229681"}],"version-history":[{"count":1,"href":"https:\/\/www.cronacaonline.it\/index.php\/wp-json\/wp\/v2\/posts\/229681\/revisions"}],"predecessor-version":[{"id":229682,"href":"https:\/\/www.cronacaonline.it\/index.php\/wp-json\/wp\/v2\/posts\/229681\/revisions\/229682"}],"wp:featuredmedia":[{"embeddable":true,"href":"https:\/\/www.cronacaonline.it\/index.php\/wp-json\/wp\/v2\/media\/211603"}],"wp:attachment":[{"href":"https:\/\/www.cronacaonline.it\/index.php\/wp-json\/wp\/v2\/media?parent=229681"}],"wp:term":[{"taxonomy":"category","embeddable":true,"href":"https:\/\/www.cronacaonline.it\/index.php\/wp-json\/wp\/v2\/categories?post=229681"},{"taxonomy":"post_tag","embeddable":true,"href":"https:\/\/www.cronacaonline.it\/index.php\/wp-json\/wp\/v2\/tags?post=229681"}],"curies":[{"name":"wp","href":"https:\/\/api.w.org\/{rel}","templated":true}]}}