{"id":227737,"date":"2022-10-07T14:51:50","date_gmt":"2022-10-07T12:51:50","guid":{"rendered":"https:\/\/www.cronacaonline.it\/?p=227737"},"modified":"2022-10-07T14:51:54","modified_gmt":"2022-10-07T12:51:54","slug":"sanita-via-al-potenziamento-delle-farmacie-delle-asl-lassessore-nieddu-in-campo-soluzioni-per-migliorare-lefficienza-della-distribuzione-dei-farmaci-ai-cittadini","status":"publish","type":"post","link":"https:\/\/www.cronacaonline.it\/index.php\/2022\/10\/07\/sanita-via-al-potenziamento-delle-farmacie-delle-asl-lassessore-nieddu-in-campo-soluzioni-per-migliorare-lefficienza-della-distribuzione-dei-farmaci-ai-cittadini\/","title":{"rendered":"Sanit\u00e0, via al potenziamento delle farmacie delle Asl. L&#8217;assessore Nieddu: &#8220;in campo soluzioni per migliorare l&#8217;efficienza della distribuzione dei farmaci ai cittadini&#8221;."},"content":{"rendered":"\n<p>Cagliari, 7 Ott 2022 -\u00a0La Regione verso il potenziamento delle farmacie territoriali delle Asl. \"Attraverso l'Ares - dichiara l'assessore regionale della Sanit\u00e0, Mario Nieddu - abbiamo chiuso un bando per l'assunzione di venti farmacisti. Sono circa cento i candidati e a brevissimo saranno espletate le prove del concorso. Questo ci consentir\u00e0 di rispondere alle carenze coprendo da subito i posti messi a bando e di rafforzare gli organici, dove necessario, con lo scorrimento della graduatoria\".<\/p>\n\n\n\n<p>\"Un ulteriore passo in avanti - precisa l'assessore - sul percorso che abbiamo tracciato per andare incontro ai bisogni dei tanti cittadini che si rivolgono ai servizi delle farmacie delle Asl per il ritiro dei dispositivi medici e dei farmaci previsti dai loro piani terapeutici. Rafforzare il personale consentir\u00e0 di incidere sull'efficienza nella distribuzione dei farmaci, riducendo i tempi d'attesa. Questo, per\u00f2, non \u00e8 l'unico strumento che abbiamo messo in campo. Grazie al nuovo accordo con Federfarma, sottoscritto di recente, abbiamo aumentato considerevolmente il numero di farmaci e dispositivi che i cittadini possono ritirare nelle farmacie convenzionate, un elenco che stiamo valutando di incrementare ulteriormente. Oggi, ad esempio, quasi tutto ci\u00f2 che riguarda la diabetologia viene distribuito nelle farmacie convenzionate, inclusi, da novembre, i nuovi dispositivi per il monitoraggio flash della glicemia. Un sistema misto di distribuzione, tra farmacie territoriali e farmacie convenzionate, che garantisce capillarit\u00e0 nella distribuzione su tutta l'Isola a beneficio dei cittadini. Stiamo lavorando, inoltre, per una gestione efficiente e moderna della logistica dei farmaci e dei dispositivi medici in Sardegna, il progetto dell'unico centro del farmaco ha gi\u00e0 iniziato il suo percorso e presto sar\u00e0 realt\u00e0\", conclude l'esponente della Giunta.&nbsp;Red<\/p>\n","protected":false},"excerpt":{"rendered":"<p>Cagliari, 7 Ott 2022 &#8211;\u00a0La Regione verso il potenziamento delle farmacie territoriali delle Asl. &#8220;Attraverso l&#8217;Ares &#8211; dichiara l&#8217;assessore regionale della Sanit\u00e0, Mario Nieddu -&#8230;<\/p>\n","protected":false},"author":2,"featured_media":218466,"comment_status":"closed","ping_status":"open","sticky":false,"template":"","format":"standard","meta":[],"categories":[49,52],"tags":[],"_links":{"self":[{"href":"https:\/\/www.cronacaonline.it\/index.php\/wp-json\/wp\/v2\/posts\/227737"}],"collection":[{"href":"https:\/\/www.cronacaonline.it\/index.php\/wp-json\/wp\/v2\/posts"}],"about":[{"href":"https:\/\/www.cronacaonline.it\/index.php\/wp-json\/wp\/v2\/types\/post"}],"author":[{"embeddable":true,"href":"https:\/\/www.cronacaonline.it\/index.php\/wp-json\/wp\/v2\/users\/2"}],"replies":[{"embeddable":true,"href":"https:\/\/www.cronacaonline.it\/index.php\/wp-json\/wp\/v2\/comments?post=227737"}],"version-history":[{"count":1,"href":"https:\/\/www.cronacaonline.it\/index.php\/wp-json\/wp\/v2\/posts\/227737\/revisions"}],"predecessor-version":[{"id":227738,"href":"https:\/\/www.cronacaonline.it\/index.php\/wp-json\/wp\/v2\/posts\/227737\/revisions\/227738"}],"wp:featuredmedia":[{"embeddable":true,"href":"https:\/\/www.cronacaonline.it\/index.php\/wp-json\/wp\/v2\/media\/218466"}],"wp:attachment":[{"href":"https:\/\/www.cronacaonline.it\/index.php\/wp-json\/wp\/v2\/media?parent=227737"}],"wp:term":[{"taxonomy":"category","embeddable":true,"href":"https:\/\/www.cronacaonline.it\/index.php\/wp-json\/wp\/v2\/categories?post=227737"},{"taxonomy":"post_tag","embeddable":true,"href":"https:\/\/www.cronacaonline.it\/index.php\/wp-json\/wp\/v2\/tags?post=227737"}],"curies":[{"name":"wp","href":"https:\/\/api.w.org\/{rel}","templated":true}]}}