{"id":226644,"date":"2022-09-12T19:32:08","date_gmt":"2022-09-12T17:32:08","guid":{"rendered":"https:\/\/www.cronacaonline.it\/?p=226644"},"modified":"2022-09-12T19:32:11","modified_gmt":"2022-09-12T17:32:11","slug":"alleanza-verdi-e-sinistra-sulla-sanita-solinas-ha-fallito-dopo-le-dichiarazioni-dellex-assessore-todde-si-dimettano-le-manager-venete-di-ares-e-areus","status":"publish","type":"post","link":"https:\/\/www.cronacaonline.it\/index.php\/2022\/09\/12\/alleanza-verdi-e-sinistra-sulla-sanita-solinas-ha-fallito-dopo-le-dichiarazioni-dellex-assessore-todde-si-dimettano-le-manager-venete-di-ares-e-areus\/","title":{"rendered":"Alleanza verdi e sinistra: \u201csulla sanit\u00e0 Solinas ha fallito. Dopo le dichiarazioni dell&#8217;ex assessore Todde si dimettano le manager venete di Ares e Areus\u201d."},"content":{"rendered":"\n<p>Cagliari, 12 Sett 2022 - Si \u00e8 tenuto questo pomeriggio il primo dei quattro incontri \u201cMezz'ora con\u201d, il format di\u00a0\u201cAlleanza Verdi e Sinistra\u201d\u00a0che ha visto la candidata capolista alla Camera dei Deputati al collegio plurinominale della Sardegna,\u00a0Francesca Ghirra,\u00a0confrontarsi sul tema della\u00a0sanit\u00e0\u00a0con Massimo Dadea (medico cardiologo) e Francesco Agus (consigliere regionale, capogruppo dei Progressisti).<\/p>\n\n\n\n<p>Secondo&nbsp;Dadea, l'incapacit\u00e0 gestionale della sanit\u00e0 da parte di questa Giunta \u00e8 evidente: \u00abDa tempo diciamo che la sanit\u00e0 va gestita rafforzando innanzitutto i pres\u00ecdi sanitari territoriali. Adesso ne sta parlando anche questa giunta regionale perch\u00e9 lo prevede il PNRR, ma di fatto non sta facendo nulla per realizzarla. Anzi, proclama l'apertura di 4 nuovi ospedali, esplicitando in sostanza una volont\u00e0 totalmente differente. La pandemia ha dimostrato che laddove era stata rinforzata la medicina territoriale, la capacit\u00e0 di reagire \u00e8 stata nettamente migliore. Il caso Lombardia, al contrario, che ha dismesso tutti i presidi pi\u00f9 piccoli, ha reagito nel modo che tutti abbiamo visto, in maniera fallimentare\u00bb<\/p>\n\n\n\n<p>Gli fa eco&nbsp;Agus:&nbsp;\u00abLa sanit\u00e0 in Sardegna \u00e8 ormai senza guida. Non si portano avanti nemmeno le politiche semplici perch\u00e9 sono bloccati gli atti aziendali e perch\u00e9 ancora non si sono messi d'accordo sull'attuazione della riforma. \u00c8 evidente che il manovratore \u00e8 oltre Tirreno e Presidente e Giunta sono meri esecutori di ordini altrui. Lo ha detto anche l'ex assessore ai trasporti dimessosi la settimana scorsa parlando di \u201ccolonizzazione\u201d. \u00c8 evidente chi siano i colonizzatori: in primo luogo le manager venete che da mesi \u201csgovernano\u201d la sanit\u00e0 sarda. Credo debbano essere le prime ad andare a casa\u00bb.<\/p>\n\n\n\n<p>In conclusione&nbsp;Ghirra&nbsp;ha affrontato il tema della mobilit\u00e0: \u201cNon sono aumentati solo i viaggi della speranza oltremare, ma anche gli spostamenti interni all'Isola per ricevere prestazioni che fino a poco tempo fa erano garantite. Solo per fare l'esempio pi\u00f9 recente, trovo scandaloso che una bimba sia dovuta andare da Sassari a Cagliari per una semplice operazione di appendicite\u201d.<\/p>\n\n\n\n<p>Nei prossimi appuntamenti, in diretta dalla sua pagina fb, Ghirra intende approfondire alcuni aspetti specifici: prospettive per i giovani, ambiente e trasporti con alcuni esperti per ogni tema.<\/p>\n\n\n\n<p>Domani 13 settembre&nbsp;alle 16&nbsp;si parler\u00e0 di&nbsp;giovani&nbsp;con Asia Piras (Eureka \u2013 Rete degli studenti medi) e Luca Santus (Responsabile Politiche Giovanili CGIL).<\/p>\n\n\n\n<p>Mercoled\u00ec 14 settembre&nbsp;alle 12.30&nbsp;si affronter\u00e0 invece il tema dell'ambiente&nbsp;con Eleonora Evi (europarlamentare Europa Verde) e Andrea Vallebona (esperto di sviluppo sostenibile).<\/p>\n\n\n\n<p>Infine,&nbsp;gioved\u00ec 15 settembre, alle 16,&nbsp;si affronter\u00e0 la questione&nbsp;trasporti&nbsp;con Giovanni Dore (avvocato) e Massimo Zedda (consigliere regionale e presidente di Campo Progressista).<\/p>\n","protected":false},"excerpt":{"rendered":"<p>Cagliari, 12 Sett 2022 &#8211; Si \u00e8 tenuto questo pomeriggio il primo dei quattro incontri \u201cMezz&#8217;ora con\u201d, il format di\u00a0\u201cAlleanza Verdi e Sinistra\u201d\u00a0che ha visto&#8230;<\/p>\n","protected":false},"author":2,"featured_media":226645,"comment_status":"closed","ping_status":"open","sticky":false,"template":"","format":"standard","meta":[],"categories":[49,52],"tags":[],"_links":{"self":[{"href":"https:\/\/www.cronacaonline.it\/index.php\/wp-json\/wp\/v2\/posts\/226644"}],"collection":[{"href":"https:\/\/www.cronacaonline.it\/index.php\/wp-json\/wp\/v2\/posts"}],"about":[{"href":"https:\/\/www.cronacaonline.it\/index.php\/wp-json\/wp\/v2\/types\/post"}],"author":[{"embeddable":true,"href":"https:\/\/www.cronacaonline.it\/index.php\/wp-json\/wp\/v2\/users\/2"}],"replies":[{"embeddable":true,"href":"https:\/\/www.cronacaonline.it\/index.php\/wp-json\/wp\/v2\/comments?post=226644"}],"version-history":[{"count":1,"href":"https:\/\/www.cronacaonline.it\/index.php\/wp-json\/wp\/v2\/posts\/226644\/revisions"}],"predecessor-version":[{"id":226646,"href":"https:\/\/www.cronacaonline.it\/index.php\/wp-json\/wp\/v2\/posts\/226644\/revisions\/226646"}],"wp:featuredmedia":[{"embeddable":true,"href":"https:\/\/www.cronacaonline.it\/index.php\/wp-json\/wp\/v2\/media\/226645"}],"wp:attachment":[{"href":"https:\/\/www.cronacaonline.it\/index.php\/wp-json\/wp\/v2\/media?parent=226644"}],"wp:term":[{"taxonomy":"category","embeddable":true,"href":"https:\/\/www.cronacaonline.it\/index.php\/wp-json\/wp\/v2\/categories?post=226644"},{"taxonomy":"post_tag","embeddable":true,"href":"https:\/\/www.cronacaonline.it\/index.php\/wp-json\/wp\/v2\/tags?post=226644"}],"curies":[{"name":"wp","href":"https:\/\/api.w.org\/{rel}","templated":true}]}}