{"id":226627,"date":"2022-09-12T15:08:46","date_gmt":"2022-09-12T13:08:46","guid":{"rendered":"https:\/\/www.cronacaonline.it\/?p=226627"},"modified":"2022-09-12T15:08:49","modified_gmt":"2022-09-12T13:08:49","slug":"scuola-assessore-biancareddu-si-torna-alla-normalita-dopo-anni-difficili-impegno-costante-della-regione-per-innalzare-i-livelli-di-apprendimento-avviati-138-progetti-contro-la-dispersione-scolasti","status":"publish","type":"post","link":"https:\/\/www.cronacaonline.it\/index.php\/2022\/09\/12\/scuola-assessore-biancareddu-si-torna-alla-normalita-dopo-anni-difficili-impegno-costante-della-regione-per-innalzare-i-livelli-di-apprendimento-avviati-138-progetti-contro-la-dispersione-scolasti\/","title":{"rendered":"Scuola: assessore Biancareddu, si torna alla normalit\u00e0 dopo anni difficili. Impegno costante della regione per innalzare i livelli di apprendimento. Avviati 138 progetti contro la dispersione scolastica."},"content":{"rendered":"\n<p>Cagliari, 12 Sett 2022 \u2013\u00a0Tutti sono uguali, tutti sono contenti, tutti sono finalmente in presenza. Con queste parole l\u2019assessore regionale della Pubblica Istruzione, Andrea Biancareddu, saluta la ripartenza per il nuovo anno scolastico. \u201cFinalmente - sottolinea Biancareddu - si riparte liberi dai troppi vincoli che hanno caratterizzato gli scorsi anni, causati dalla pandemia. Si torna alla normalit\u00e0 pre-Covid dunque dove i nostri ragazzi potranno riprendere le normali attivit\u00e0 scolastiche, mettendo da parte paure e difficolt\u00e0.\u00a0La nostra speranza \u00e8 che quelle situazioni siano superate e che quest'anno scolastico possa tornare a essere vissuto in maniera pi\u00f9 tradizionale. Gli ultimi anni non sono stati semplici da affrontare tra emergenza sanitaria, didattica a distanza, quarantene, isolamenti. Certamente ci sono stati momenti di grande difficolt\u00e0 anche organizzativa, che ci hanno messo tutti alla prova. Un beneaugurante ritorno al vecchio sistema che consenta a tutti, personale dirigente, docenti, collaboratori scolastici a qualunque titolo, famiglie e, soprattutto, ragazzi e ragazze, bambini e bambine, di vivere le proprie giornate in un ambiente sereno, esercitando ciascuno nella maniera migliore il proprio ruolo.\u201d \u201cVorrei sottolineare l\u2019impegno costante della Regione Sardegna per la scuola e per le problematiche che gravitano attorno ad essa. In particolare, mi preme ricordare che, anche per l\u2019anno scolastico 2022\/2023, in continuit\u00e0 con gli anni precedenti, resta fermo l\u2019obiettivo della Regione di innalzare i livelli di apprendimento degli studenti delle scuole sarde e contrastare il fenomeno dell\u2019abbandono scolastico, promuovendo azioni attuate in maniera integrata e continuativa.\u201c<\/p>\n\n\n\n<p>\u201cAuguro a tutti un buon anno scolastico, ricco di sapere e di emozioni - sottolinea ancora Biancareddu. Oggi, pi\u00f9 che mai, c'\u00e8 bisogno di conoscenza, di sapere, di voglia di apprendere, ma, soprattutto, di guardare pi\u00f9 serenamente al domani e la scuola rappresenta uno dei luoghi in cui si possono allargare i propri orizzonti, recuperando inoltre in voglia e la capacit\u00e0 di tornare a stare insieme e di socializzare, sviluppando nuovamente un senso civico e critico che \u00e8 venuto meno con le lezioni in Dad.\u201d<\/p>\n\n\n\n<p>In Sardegna le Autonomie scolastiche per l\u2019anno scolastico 2022\/2023 sono 273: 66 nella Citt\u00e0 Metropolitana di Cagliari, 58 nel Sud Sardegna, 24 Oristano, 48 Nuoro e 77 Sassari. La popolazione scolastica quest\u2019anno \u00e8 di 187.176 unit\u00e0,&nbsp;con un decremento rispetto allo scorso anno scolastico, della popolazione scolastica pari al -2,69%.<\/p>\n\n\n\n<p>La Regione Sardegna ha registrato negli ultimi anni un forte decremento della popolazione scolastica, dovuto anche al trend negativo delle nascite, in linea con il dato a livello nazionale.<\/p>\n\n\n\n<p>Dall\u2019anno scolastico 2018\/2019 al 2022\/2023 la Sardegna ha perso oltre 15.000 alunni, riduzione che ha avuto percentuali maggiori nella scuola dell\u2019infanzia (-13.83%) e nella scuola primaria (-12.03%).<\/p>\n\n\n\n<p>Per quanto concerne la scuola secondaria di secondo grado, si registra un decremento rispetto allo scorso anno del 2,20% degli iscritti al secondo ciclo. Gli studenti sardi confermano anche per il 2022\/2023 la scelta verso il percorso liceale, seguito dalle iscrizioni presso gli Istituti tecnici e dai Professionali.&nbsp;<\/p>\n\n\n\n<p>\u201cRicordo le azioni gi\u00e0 avviate con il programma \u201cTutti a Iscola\u201d con l\u2019obiettivo di rafforzare il sistema scolastico e migliorare le competenze di base degli studenti, italiano e matematica, attraverso l\u2019immissione nelle scuole di \u201cnuovi\u201d docenti a supporto degli ordinari, e l\u2019utilizzo di una nuova didattica con tecnologia applicata e l, l\u2019intervento \u201cSi torna Tutti a Iscola\u201d che agisce in continuit\u00e0 con l\u2019esperienza consolidata di \u201cTutti a Iscola\u201d, attraverso la linea di azione \u201cDidattica\u201d con 153 progetti&nbsp;&nbsp;e \u201cla linea ascolto e supporto\u201d con 138 progetti completati , quest\u2019ultima finalizzata al miglioramento dell\u2019inclusione scolastica attraverso il ricorso ad azioni di sostegno psicologico, pedagogico e di mediazione interculturale, a favore di studenti che si trovano in condizione di svantaggio, che possono avere effetti negativi sulle capacit\u00e0 di apprendimento.<\/p>\n\n\n\n<p>La Regione Sardegna inoltre, consapevole dell\u2019importanza della conoscenza delle lingue straniere, in particolare della lingua inglese, perseguendo sempre l\u2019obiettivo di innalzare i livelli di apprendimento degli studenti delle scuole sarde nelle lingue straniere, a partire dall\u2019anno scolastico 2022-2023, intende promuovere un intervento basato sulla formula dei laboratori extra-curriculari da proporre in modo strutturato ai bambini e ai ragazzi delle scuole primaria e secondaria di primo grado. Com<\/p>\n","protected":false},"excerpt":{"rendered":"<p>Cagliari, 12 Sett 2022 \u2013\u00a0Tutti sono uguali, tutti sono contenti, tutti sono finalmente in presenza. Con queste parole l\u2019assessore regionale della Pubblica Istruzione, Andrea Biancareddu,&#8230;<\/p>\n","protected":false},"author":2,"featured_media":216250,"comment_status":"closed","ping_status":"open","sticky":false,"template":"","format":"standard","meta":[],"categories":[49,52],"tags":[],"_links":{"self":[{"href":"https:\/\/www.cronacaonline.it\/index.php\/wp-json\/wp\/v2\/posts\/226627"}],"collection":[{"href":"https:\/\/www.cronacaonline.it\/index.php\/wp-json\/wp\/v2\/posts"}],"about":[{"href":"https:\/\/www.cronacaonline.it\/index.php\/wp-json\/wp\/v2\/types\/post"}],"author":[{"embeddable":true,"href":"https:\/\/www.cronacaonline.it\/index.php\/wp-json\/wp\/v2\/users\/2"}],"replies":[{"embeddable":true,"href":"https:\/\/www.cronacaonline.it\/index.php\/wp-json\/wp\/v2\/comments?post=226627"}],"version-history":[{"count":1,"href":"https:\/\/www.cronacaonline.it\/index.php\/wp-json\/wp\/v2\/posts\/226627\/revisions"}],"predecessor-version":[{"id":226628,"href":"https:\/\/www.cronacaonline.it\/index.php\/wp-json\/wp\/v2\/posts\/226627\/revisions\/226628"}],"wp:featuredmedia":[{"embeddable":true,"href":"https:\/\/www.cronacaonline.it\/index.php\/wp-json\/wp\/v2\/media\/216250"}],"wp:attachment":[{"href":"https:\/\/www.cronacaonline.it\/index.php\/wp-json\/wp\/v2\/media?parent=226627"}],"wp:term":[{"taxonomy":"category","embeddable":true,"href":"https:\/\/www.cronacaonline.it\/index.php\/wp-json\/wp\/v2\/categories?post=226627"},{"taxonomy":"post_tag","embeddable":true,"href":"https:\/\/www.cronacaonline.it\/index.php\/wp-json\/wp\/v2\/tags?post=226627"}],"curies":[{"name":"wp","href":"https:\/\/api.w.org\/{rel}","templated":true}]}}