{"id":226587,"date":"2022-09-10T16:43:35","date_gmt":"2022-09-10T14:43:35","guid":{"rendered":"https:\/\/www.cronacaonline.it\/?p=226587"},"modified":"2022-09-10T16:43:38","modified_gmt":"2022-09-10T14:43:38","slug":"lotta-alla-peste-suina-africana-soddisfazione-del-presidente-della-regione-sardegna-per-la-fine-del-divieto-delle-esportazioni-confermata-dalleuropa","status":"publish","type":"post","link":"https:\/\/www.cronacaonline.it\/index.php\/2022\/09\/10\/lotta-alla-peste-suina-africana-soddisfazione-del-presidente-della-regione-sardegna-per-la-fine-del-divieto-delle-esportazioni-confermata-dalleuropa\/","title":{"rendered":"Lotta alla peste suina africana: soddisfazione del presidente della Regione Sardegna per la fine del divieto delle esportazioni confermata dall&#8221;Europa."},"content":{"rendered":"\n<p>Cagliari, 10 Sett 2022\u00a0\u2013 \u201cLa Sardegna \u00e8 riuscita a centrare obiettivi importanti sul fronte del contrasto alla Peste suina africana e oggi i risultati ottenuti ci hanno portati a un confronto con la Commissione europea su un livello mai raggiunto in precedenza. Per la prima volta la Sardegna \u00e8 presente al tavolo di Bruxelles con una rappresentanza politica, insieme al Ministero e ai tecnici, per confrontarsi su un percorso ben preciso, al termine del quale sar\u00e0 decisa la revisione delle restrizioni che da tempo impediscono ai nostri allevatori di esportare i capi e prodotti suinicoli al di fuori del territorio regionale\u201d. Lo dichiara il Presidente della Regione Sardegna. Dopo l\u2019incontro avvenuto a Bruxelles per presentare i risultati del secondo report sullo stato d\u2019avanzamento dell\u2019Isola all\u2019interno della strada tracciata in accordo con la Commissione europea e il Ministero della Salute, il Presidente esprime soddisfazione per un risultato che, sottolinea, \u00e8 ormai quasi raggiunto.<\/p>\n\n\n\n<p>\u201cArrivare fin qua \u2013 precisa il Presidente \u2013 dopo quarant\u2019anni di lotta al virus, non \u00e8 stato facile, n\u00e9 scontato. La nostra Isola ha affrontato grandi sacrifici e la strada da prendere non \u00e8 sempre stata chiara e lineare. Ancora nel 2019 l\u2019audit della Commissione europea evidenziava che i risultati della campagna di eradicazione non erano sufficienti a superare i dubbi per cancellare l\u2019embargo. Abbiamo dato un nuovo impulso all\u2019Unit\u00e0 di progetto regionale, rinnovando l\u2019impegno e gli sforzi, nonostante stessimo gestendo un evento epocale come la pandemia del Covid-19\u201d.<\/p>\n\n\n\n<p>La svolta a novembre 2021, con i risultati di un nuovo audit: \u201cDa Bruxelles abbiamo ricevuto delle raccomandazioni che abbiamo gi\u00e0 soddisfatto grazie a una serie di misure che hanno convinto la Commissione europea. In particolare abbiamo potenziato la sorveglianza sul selvatico e sul domestico. Siamo intervenuti sulla registrazione dei capi e grazie alla collaborazione delle aziende siamo riusciti ad allineare i dati garantendo un controllo e un monitoraggio continui. Basti pensare che il data warehouse dell\u2019IZS fornisce accesso ai dati in tempo reali a tutti i soggetti istituzionali coinvolti. Tutto questo \u00e8 stato possibile grazie a un lavoro sinergico che ha coinvolto e coinvolge, oltre alla Regione, l\u2019Istituto zooprofilattico della Sardegna, i servizi veterinari delle Asl, la Forestale, i Comuni, i cacciatori e le stesse aziende\u201d.<\/p>\n\n\n\n<p>\u201cOggi che la Peste Suina Africana dilaga in diversi Paesi dell\u2019Europa&nbsp;\u2013 dichiara il Presidente \u2013 la Sardegna pu\u00f2 essere guardata come a un modello virtuoso, un esempio e una speranza per chi affronta questa terribile emergenza\u201d.<\/p>\n\n\n\n<p>Importanti le prospettive di mercato derivanti dalla rimozione delle restrizioni sui prodotti suinicoli. \u201c\u00c8 sufficiente guardare ai numeri\u201d, precisa il Presidente.<\/p>\n\n\n\n<p>Gli allevamenti di suini nell\u2019isola sono meno di 13mila (seconda regione in Italia dopo la Calabria) con 163mila capi (sesta regione), con una media di circa 12 capi ad allevamento (il 70% di queste aziende alleva anche altre specie animali), mentre la media nazionale \u00e8 di 73 capi.<\/p>\n\n\n\n<p>\u201cLa produzione suinicola sarda \u00e8 espressione di qualit\u00e0 e tradizione che possono essere un importante motore per il rilancio della nostra economia legata alla campagna e il 15 dicembre potrebbe rappresentare un punto di svolta per non solo per il comparto, ma per tutta l\u2019economia legata alla campagna e per l\u2019indotto\u201d, conclude. Com<\/p>\n","protected":false},"excerpt":{"rendered":"<p>Cagliari, 10 Sett 2022\u00a0\u2013 \u201cLa Sardegna \u00e8 riuscita a centrare obiettivi importanti sul fronte del contrasto alla Peste suina africana e oggi i risultati ottenuti&#8230;<\/p>\n","protected":false},"author":2,"featured_media":152411,"comment_status":"closed","ping_status":"open","sticky":false,"template":"","format":"standard","meta":[],"categories":[49,52],"tags":[],"_links":{"self":[{"href":"https:\/\/www.cronacaonline.it\/index.php\/wp-json\/wp\/v2\/posts\/226587"}],"collection":[{"href":"https:\/\/www.cronacaonline.it\/index.php\/wp-json\/wp\/v2\/posts"}],"about":[{"href":"https:\/\/www.cronacaonline.it\/index.php\/wp-json\/wp\/v2\/types\/post"}],"author":[{"embeddable":true,"href":"https:\/\/www.cronacaonline.it\/index.php\/wp-json\/wp\/v2\/users\/2"}],"replies":[{"embeddable":true,"href":"https:\/\/www.cronacaonline.it\/index.php\/wp-json\/wp\/v2\/comments?post=226587"}],"version-history":[{"count":1,"href":"https:\/\/www.cronacaonline.it\/index.php\/wp-json\/wp\/v2\/posts\/226587\/revisions"}],"predecessor-version":[{"id":226588,"href":"https:\/\/www.cronacaonline.it\/index.php\/wp-json\/wp\/v2\/posts\/226587\/revisions\/226588"}],"wp:featuredmedia":[{"embeddable":true,"href":"https:\/\/www.cronacaonline.it\/index.php\/wp-json\/wp\/v2\/media\/152411"}],"wp:attachment":[{"href":"https:\/\/www.cronacaonline.it\/index.php\/wp-json\/wp\/v2\/media?parent=226587"}],"wp:term":[{"taxonomy":"category","embeddable":true,"href":"https:\/\/www.cronacaonline.it\/index.php\/wp-json\/wp\/v2\/categories?post=226587"},{"taxonomy":"post_tag","embeddable":true,"href":"https:\/\/www.cronacaonline.it\/index.php\/wp-json\/wp\/v2\/tags?post=226587"}],"curies":[{"name":"wp","href":"https:\/\/api.w.org\/{rel}","templated":true}]}}