{"id":226491,"date":"2022-09-08T08:14:50","date_gmt":"2022-09-08T06:14:50","guid":{"rendered":"https:\/\/www.cronacaonline.it\/?p=226491"},"modified":"2022-09-08T08:14:53","modified_gmt":"2022-09-08T06:14:53","slug":"elezioni-politiche-25-settembre-prossimo-il-segretario-del-partito-democratico-ieri-a-cagliari-e-sassari-in-sardegna-possiamo-restare-il-primo-partito-e-vincere-anche-nei-collegi-uninominali","status":"publish","type":"post","link":"https:\/\/www.cronacaonline.it\/index.php\/2022\/09\/08\/elezioni-politiche-25-settembre-prossimo-il-segretario-del-partito-democratico-ieri-a-cagliari-e-sassari-in-sardegna-possiamo-restare-il-primo-partito-e-vincere-anche-nei-collegi-uninominali\/","title":{"rendered":"Elezioni politiche 25 Settembre prossimo: il segretario del Partito Democratico ieri a Cagliari e Sassari. In Sardegna possiamo restare il primo partito e vincere anche nei collegi uninominali."},"content":{"rendered":"\n<p>Cagliari, 8 Ago 2w022 - Il Pd in Sardegna sar\u00e0 ancora il primo partito. E i suoi candidati come Silvio Lai e Romina Mura, avranno buonissime possibilit\u00e0 di essere eletti con un vasto margine di voti. Essendo il primo capolista e la Mura numero 2. Ma anche altri candidati pi\u00f9 indietro e nei collegi uninominali avranno buone possibilit\u00e0 di andare a Roma.<\/p>\n\n\n\n<p>Ieri il segretario Partito Democratico \u00e8 arrivato ieri mattina in Sardegna, per la sua prima tappa elettorale a Cagliari, che lo vedr\u00e0 impegnato nel pomeriggio e in serata anche a Sassari.<\/p>\n\n\n\n<p>\u201cSono particolarmente contento di essere a Cagliari,&nbsp;la Sardegna gioca un ruolo fondamentale in questa campagna elettorale\u201d, ha detto durante la conferenza stampa nella sede regionale del Pd in via Emilia.<\/p>\n\n\n\n<p>Insularit\u00e0 che ha senso solo \u201cse ci sono dietro risorse\u201d, se vi saranno \u201ccompensazioni, rispetto alle difficolt\u00e0 che i cittadini sardi hanno sempre avuto su tutte le questioni della vita quotidiana\u201d. Un\u2019insularit\u00e0 che dunque, va concretizzata al pi\u00f9 presto, per non restare solo sulla carta.<\/p>\n\n\n\n<p>L\u2019elettorato dell\u2019Isola, \u201c\u00e8&nbsp;deluso dalle politiche della Giunta di centrodestra, in particolare sulla sanit\u00e0\u201d.&nbsp;E \u201cil fatto che sia stata amministrata male d\u00e0 un vantaggio ai nostri candidati, tutti i collegi uninominali qui sono contendibili e questo \u00e8 gi\u00e0 significativo. Qui vediamo la possibilit\u00e0 di una vittoria importante, sia a Roma che a Cagliari per il 2024\u201d.<\/p>\n\n\n\n<p>Infine, il Segretario Dem ha anche voluto visitare la sede de&nbsp;L\u2019Unione Sarda&nbsp;e&nbsp;prima della conferenza stampa ha incontrato sul lungomare del Poetto i&nbsp;rappresentanti della comunit\u00e0 Lgbt. Incontro che&nbsp;arriva a pochi giorni dal blitz, sempre a Cagliari, del&nbsp;contestatore con bandiera arcobaleno al comizio della leader di FdI Giorgia Meloni.<\/p>\n","protected":false},"excerpt":{"rendered":"<p>Cagliari, 8 Ago 2w022 &#8211; Il Pd in Sardegna sar\u00e0 ancora il primo partito. E i suoi candidati come Silvio Lai e Romina Mura, avranno&#8230;<\/p>\n","protected":false},"author":2,"featured_media":226492,"comment_status":"closed","ping_status":"open","sticky":false,"template":"","format":"standard","meta":[],"categories":[49,52],"tags":[],"_links":{"self":[{"href":"https:\/\/www.cronacaonline.it\/index.php\/wp-json\/wp\/v2\/posts\/226491"}],"collection":[{"href":"https:\/\/www.cronacaonline.it\/index.php\/wp-json\/wp\/v2\/posts"}],"about":[{"href":"https:\/\/www.cronacaonline.it\/index.php\/wp-json\/wp\/v2\/types\/post"}],"author":[{"embeddable":true,"href":"https:\/\/www.cronacaonline.it\/index.php\/wp-json\/wp\/v2\/users\/2"}],"replies":[{"embeddable":true,"href":"https:\/\/www.cronacaonline.it\/index.php\/wp-json\/wp\/v2\/comments?post=226491"}],"version-history":[{"count":1,"href":"https:\/\/www.cronacaonline.it\/index.php\/wp-json\/wp\/v2\/posts\/226491\/revisions"}],"predecessor-version":[{"id":226493,"href":"https:\/\/www.cronacaonline.it\/index.php\/wp-json\/wp\/v2\/posts\/226491\/revisions\/226493"}],"wp:featuredmedia":[{"embeddable":true,"href":"https:\/\/www.cronacaonline.it\/index.php\/wp-json\/wp\/v2\/media\/226492"}],"wp:attachment":[{"href":"https:\/\/www.cronacaonline.it\/index.php\/wp-json\/wp\/v2\/media?parent=226491"}],"wp:term":[{"taxonomy":"category","embeddable":true,"href":"https:\/\/www.cronacaonline.it\/index.php\/wp-json\/wp\/v2\/categories?post=226491"},{"taxonomy":"post_tag","embeddable":true,"href":"https:\/\/www.cronacaonline.it\/index.php\/wp-json\/wp\/v2\/tags?post=226491"}],"curies":[{"name":"wp","href":"https:\/\/api.w.org\/{rel}","templated":true}]}}