{"id":226419,"date":"2022-09-05T17:51:14","date_gmt":"2022-09-05T15:51:14","guid":{"rendered":"https:\/\/www.cronacaonline.it\/?p=226419"},"modified":"2022-09-05T17:51:16","modified_gmt":"2022-09-05T15:51:16","slug":"eurallumina-dichiarazione-di-romina-mura-pd-gas-per-sardegna-sia-priorita-governo","status":"publish","type":"post","link":"https:\/\/www.cronacaonline.it\/index.php\/2022\/09\/05\/eurallumina-dichiarazione-di-romina-mura-pd-gas-per-sardegna-sia-priorita-governo\/","title":{"rendered":"Eurallumina &#8211; Dichiarazione di Romina Mura (Pd): gas per Sardegna sia priorit\u00e0 Governo."},"content":{"rendered":"\n<p>Cagliari, 5 Sett 2022 - \u201cIl nuovo Parlamento e in primo luogo il nuovo Governo devono mettere tra le priorit\u00e0 la fornitura di gas per la Sardegna: \u00e8 il presupposto per evitare che la nostra isola faccia altri passi indietro sulla via della deindustrializzazione e della perdita di posti di lavoro. Le speranze che avevamo tenuto aperte a Portovesme non devono essere tradite. Vigileremo affinch\u00e9 siano dati tempi certi per creare le condizioni che consentano a Euroallumina di ripartire. Senza gas in Sardegna non c\u2019\u00e8 transizione di alcun tipo, n\u00e9 energetica n\u00e9 industriale n\u00e9 ambientale\u201d.<\/p>\n\n\n\n<p>Lo dichiara in una nota la presidente della commissione Lavoro della Camera Romina Mura (Pd), rispondendo all\u2019allarme dei sindacati riguardo il polo industriale di Portovesme nel Sud Sardegna.<\/p>\n","protected":false},"excerpt":{"rendered":"<p>Cagliari, 5 Sett 2022 &#8211; \u201cIl nuovo Parlamento e in primo luogo il nuovo Governo devono mettere tra le priorit\u00e0 la fornitura di gas per&#8230;<\/p>\n","protected":false},"author":2,"featured_media":226420,"comment_status":"closed","ping_status":"open","sticky":false,"template":"","format":"standard","meta":[],"categories":[49,52],"tags":[],"_links":{"self":[{"href":"https:\/\/www.cronacaonline.it\/index.php\/wp-json\/wp\/v2\/posts\/226419"}],"collection":[{"href":"https:\/\/www.cronacaonline.it\/index.php\/wp-json\/wp\/v2\/posts"}],"about":[{"href":"https:\/\/www.cronacaonline.it\/index.php\/wp-json\/wp\/v2\/types\/post"}],"author":[{"embeddable":true,"href":"https:\/\/www.cronacaonline.it\/index.php\/wp-json\/wp\/v2\/users\/2"}],"replies":[{"embeddable":true,"href":"https:\/\/www.cronacaonline.it\/index.php\/wp-json\/wp\/v2\/comments?post=226419"}],"version-history":[{"count":1,"href":"https:\/\/www.cronacaonline.it\/index.php\/wp-json\/wp\/v2\/posts\/226419\/revisions"}],"predecessor-version":[{"id":226421,"href":"https:\/\/www.cronacaonline.it\/index.php\/wp-json\/wp\/v2\/posts\/226419\/revisions\/226421"}],"wp:featuredmedia":[{"embeddable":true,"href":"https:\/\/www.cronacaonline.it\/index.php\/wp-json\/wp\/v2\/media\/226420"}],"wp:attachment":[{"href":"https:\/\/www.cronacaonline.it\/index.php\/wp-json\/wp\/v2\/media?parent=226419"}],"wp:term":[{"taxonomy":"category","embeddable":true,"href":"https:\/\/www.cronacaonline.it\/index.php\/wp-json\/wp\/v2\/categories?post=226419"},{"taxonomy":"post_tag","embeddable":true,"href":"https:\/\/www.cronacaonline.it\/index.php\/wp-json\/wp\/v2\/tags?post=226419"}],"curies":[{"name":"wp","href":"https:\/\/api.w.org\/{rel}","templated":true}]}}