{"id":226408,"date":"2022-09-05T15:18:52","date_gmt":"2022-09-05T13:18:52","guid":{"rendered":"https:\/\/www.cronacaonline.it\/?p=226408"},"modified":"2022-09-05T15:18:55","modified_gmt":"2022-09-05T13:18:55","slug":"dichiarazione-di-andrea-frailis-componente-della-commissione-difesa-della-camera-dei-deputati-e-candidato-al-collegio-uninominale-camera-u01-cagliari-citta-metropolitana","status":"publish","type":"post","link":"https:\/\/www.cronacaonline.it\/index.php\/2022\/09\/05\/dichiarazione-di-andrea-frailis-componente-della-commissione-difesa-della-camera-dei-deputati-e-candidato-al-collegio-uninominale-camera-u01-cagliari-citta-metropolitana\/","title":{"rendered":"Dichiarazione di Andrea Frailis, componente della Commissione Difesa della Camera dei Deputati e candidato al collegio Uninominale Camera U01 Cagliari Citt\u00e0 Metropolitana."},"content":{"rendered":"\n<p>Cagliari, 5 Feb 2022 - Migliaia di famiglie di militari e civili, utenti di alloggi della Difesa a loro regolarmente assegnati e che ne mantengono la conduzione in virt\u00f9 di norme\u00a0in vigore da anni, diventano oggetto di sfratto per effetto del Decreto Ministeriale 420. Si tratta di famiglie di utenti, in pensione o in servizio, alle quali \u00e8 riconosciuta da tempo la condizione di categoria protetta, in quanto portatori di handicap gravi, coniugi separati o divorziati, titolari di redditi medio bassi, ma comunque in regola con il pagamento dei canoni.<\/p>\n\n\n\n<p>Un insieme di condizioni assimilabili a quelle dell\u2019edilizia residenziale pubblica.<\/p>\n\n\n\n<p>Il Decreto Ministeriale depositato in Parlamento il 10 agosto, annulla le norme precedenti colpendo categorie gi\u00e0 protette in quanto pi\u00f9 deboli, che diventano cos\u00ec oggetto di sfratto.&nbsp;<\/p>\n\n\n\n<p>La particolare situazione in cui si trovano gli organismi Istituzionali impedir\u00e0, di fatto, al Parlamento un esame approfondito dello schema di Decreto e dell\u2019accoglimento della richiesta di Audizione, gi\u00e0 inoltrata dai Rappresentanti degli inquilini, alle Commissioni Competenti.<\/p>\n\n\n\n<p>In quasi tutte le grandi citt\u00e0 \u2013 conclude il candidato alla Camera dei deputati Frailis - ci dobbiamo confrontare con situazioni di emergenza abitativa molto serie. Non \u00e8 assolutamente il caso di aggiungerne delle altre per ragioni di carattere amministrativo che possono trovare soluzione senza generare altri sfratti. Comunque andr\u00e0 a finire la discussione su questo decreto ministeriale della Difesa, bisogner\u00e0 rimetterci le mani.&nbsp;<\/p>\n\n\n\n<p>Nessuna famiglia, soprattutto in un momento cos\u00ec difficile, e che sia in regola con i canoni richiesti pu\u00f2 essere sfrattata. Red<\/p>\n","protected":false},"excerpt":{"rendered":"<p>Cagliari, 5 Feb 2022 &#8211; Migliaia di famiglie di militari e civili, utenti di alloggi della Difesa a loro regolarmente assegnati e che ne mantengono&#8230;<\/p>\n","protected":false},"author":2,"featured_media":224307,"comment_status":"closed","ping_status":"open","sticky":false,"template":"","format":"standard","meta":[],"categories":[49,52],"tags":[],"_links":{"self":[{"href":"https:\/\/www.cronacaonline.it\/index.php\/wp-json\/wp\/v2\/posts\/226408"}],"collection":[{"href":"https:\/\/www.cronacaonline.it\/index.php\/wp-json\/wp\/v2\/posts"}],"about":[{"href":"https:\/\/www.cronacaonline.it\/index.php\/wp-json\/wp\/v2\/types\/post"}],"author":[{"embeddable":true,"href":"https:\/\/www.cronacaonline.it\/index.php\/wp-json\/wp\/v2\/users\/2"}],"replies":[{"embeddable":true,"href":"https:\/\/www.cronacaonline.it\/index.php\/wp-json\/wp\/v2\/comments?post=226408"}],"version-history":[{"count":1,"href":"https:\/\/www.cronacaonline.it\/index.php\/wp-json\/wp\/v2\/posts\/226408\/revisions"}],"predecessor-version":[{"id":226409,"href":"https:\/\/www.cronacaonline.it\/index.php\/wp-json\/wp\/v2\/posts\/226408\/revisions\/226409"}],"wp:featuredmedia":[{"embeddable":true,"href":"https:\/\/www.cronacaonline.it\/index.php\/wp-json\/wp\/v2\/media\/224307"}],"wp:attachment":[{"href":"https:\/\/www.cronacaonline.it\/index.php\/wp-json\/wp\/v2\/media?parent=226408"}],"wp:term":[{"taxonomy":"category","embeddable":true,"href":"https:\/\/www.cronacaonline.it\/index.php\/wp-json\/wp\/v2\/categories?post=226408"},{"taxonomy":"post_tag","embeddable":true,"href":"https:\/\/www.cronacaonline.it\/index.php\/wp-json\/wp\/v2\/tags?post=226408"}],"curies":[{"name":"wp","href":"https:\/\/api.w.org\/{rel}","templated":true}]}}