{"id":226368,"date":"2022-09-03T15:05:08","date_gmt":"2022-09-03T13:05:08","guid":{"rendered":"https:\/\/www.cronacaonline.it\/?p=226368"},"modified":"2022-09-03T15:05:11","modified_gmt":"2022-09-03T13:05:11","slug":"energia-romina-mura-ricandidata-alla-camera-dei-deputati-a-cagliari-priorita-del-pd-e-difendere-famiglie-e-imprese-allarme-si-fa-sentire-forte-anche-in-sardegna","status":"publish","type":"post","link":"https:\/\/www.cronacaonline.it\/index.php\/2022\/09\/03\/energia-romina-mura-ricandidata-alla-camera-dei-deputati-a-cagliari-priorita-del-pd-e-difendere-famiglie-e-imprese-allarme-si-fa-sentire-forte-anche-in-sardegna\/","title":{"rendered":"Energia &#8211; Romina Mura ricandidata alla Camera dei deputati a Cagliari: priorit\u00e0 del Pd \u00e8 difendere famiglie e imprese. &#8220;Allarme si fa sentire forte anche in Sardegna&#8221;."},"content":{"rendered":"\n<p>Cagliari, 3 Sett 2022 - \u201cDifendere il potere d\u2019acquisto delle famiglie, alzare uno scudo contro l\u2019impoverimento di chi regge con difficolt\u00e0, aiutare chi gi\u00e0 non ce la fa a pagare le bollette: sono le priorit\u00e0 del Partito democratico che poniamo al Governo in questo momento drammatico per cittadini e imprese. Rispondiamo agli aumenti delle bollette con proposte chiare e attuabili al grido d\u2019allarme che percorre l\u2019Italia e si fa sentire con forza anche nella nostra isola\u201d.<\/p>\n\n\n\n<p>Lo afferma in una nota oggi a Cagliari la presidente della commissione Lavoro della Camera e candidata Pd a Montecitorio Romina Mura, partecipando al Poetto alla mobilitazione \u201c1000 piazze per l\u2019Italia contro il caro bollette\u201d, promossa dal partito.<br>\u201cChiediamo un contratto con met\u00e0 dei consumi elettrici a costo zero \u2013 ha spiegato la deputata dem, &nbsp;- per microimprese e famiglie con redditi medi e bassi, il raddoppio del credito di imposta alle aziende, un piano nazionale di risparmio energetico, pressione in Ue per un tetto europeo al prezzo del gas. Le risorse si possono trovare da una pi\u00f9 alta e giusta tassazione sugli extraprofitti delle aziende energetiche fossili ed estrattive\u201d. Red<\/p>\n","protected":false},"excerpt":{"rendered":"<p>Cagliari, 3 Sett 2022 &#8211; \u201cDifendere il potere d\u2019acquisto delle famiglie, alzare uno scudo contro l\u2019impoverimento di chi regge con difficolt\u00e0, aiutare chi gi\u00e0 non&#8230;<\/p>\n","protected":false},"author":2,"featured_media":226369,"comment_status":"closed","ping_status":"open","sticky":false,"template":"","format":"standard","meta":[],"categories":[49,52],"tags":[],"_links":{"self":[{"href":"https:\/\/www.cronacaonline.it\/index.php\/wp-json\/wp\/v2\/posts\/226368"}],"collection":[{"href":"https:\/\/www.cronacaonline.it\/index.php\/wp-json\/wp\/v2\/posts"}],"about":[{"href":"https:\/\/www.cronacaonline.it\/index.php\/wp-json\/wp\/v2\/types\/post"}],"author":[{"embeddable":true,"href":"https:\/\/www.cronacaonline.it\/index.php\/wp-json\/wp\/v2\/users\/2"}],"replies":[{"embeddable":true,"href":"https:\/\/www.cronacaonline.it\/index.php\/wp-json\/wp\/v2\/comments?post=226368"}],"version-history":[{"count":1,"href":"https:\/\/www.cronacaonline.it\/index.php\/wp-json\/wp\/v2\/posts\/226368\/revisions"}],"predecessor-version":[{"id":226370,"href":"https:\/\/www.cronacaonline.it\/index.php\/wp-json\/wp\/v2\/posts\/226368\/revisions\/226370"}],"wp:featuredmedia":[{"embeddable":true,"href":"https:\/\/www.cronacaonline.it\/index.php\/wp-json\/wp\/v2\/media\/226369"}],"wp:attachment":[{"href":"https:\/\/www.cronacaonline.it\/index.php\/wp-json\/wp\/v2\/media?parent=226368"}],"wp:term":[{"taxonomy":"category","embeddable":true,"href":"https:\/\/www.cronacaonline.it\/index.php\/wp-json\/wp\/v2\/categories?post=226368"},{"taxonomy":"post_tag","embeddable":true,"href":"https:\/\/www.cronacaonline.it\/index.php\/wp-json\/wp\/v2\/tags?post=226368"}],"curies":[{"name":"wp","href":"https:\/\/api.w.org\/{rel}","templated":true}]}}