{"id":226305,"date":"2022-09-01T19:42:23","date_gmt":"2022-09-01T17:42:23","guid":{"rendered":"https:\/\/www.cronacaonline.it\/?p=226305"},"modified":"2022-09-01T19:42:26","modified_gmt":"2022-09-01T17:42:26","slug":"consiglio-sardegna-riunione-capigruppo-e-dal-6-settembre-al-lavoro-le-commissioni-consiliari","status":"publish","type":"post","link":"https:\/\/www.cronacaonline.it\/index.php\/2022\/09\/01\/consiglio-sardegna-riunione-capigruppo-e-dal-6-settembre-al-lavoro-le-commissioni-consiliari\/","title":{"rendered":"Consiglio Sardegna \u2013 Riunione Capigruppo e dal 6 settembre al lavoro le commissioni consiliari."},"content":{"rendered":"\n<p>Cagliari, 1 Sett 2022 \u2013 Dal 6 settembre riprendono i lavori delle commissioni consiliari. Lo ha deciso la Conferenza dei Capigruppo riunita questo pomeriggio sotto la Presidenza del Presidente dell\u2019Assemblea Michele Pais.<\/p>\n\n\n\n<p>Si lavorer\u00e0 in Commissione dal 6 settembre per le successive due settimane. All\u2019ordine del giorno dei parlamentini, tra gli altri, i provvedimenti sulle comunit\u00e0 energetiche e quelli sulle reti territoriali sanitarie.<\/p>\n\n\n\n<p>\u201cNonostante il periodo elettorale \u2013 ha detto il Presidente Pais \u2013 ho concordato con i Capigruppo un calendario dettagliato. L\u2019attivit\u00e0 parlamentare non pu\u00f2 bloccarsi in vista delle elezioni. Stiamo definendo con i Presidenti delle commissioni gli argomenti pi\u00f9 urgenti da inserire in agenda, affinch\u00e9 siano pronti per essere esaminati dall\u2019Aula nella prima seduta dopo le elezioni\u201d. Com<\/p>\n","protected":false},"excerpt":{"rendered":"<p>Cagliari, 1 Sett 2022 \u2013 Dal 6 settembre riprendono i lavori delle commissioni consiliari. Lo ha deciso la Conferenza dei Capigruppo riunita questo pomeriggio sotto&#8230;<\/p>\n","protected":false},"author":2,"featured_media":192512,"comment_status":"closed","ping_status":"open","sticky":false,"template":"","format":"standard","meta":[],"categories":[49,52],"tags":[],"_links":{"self":[{"href":"https:\/\/www.cronacaonline.it\/index.php\/wp-json\/wp\/v2\/posts\/226305"}],"collection":[{"href":"https:\/\/www.cronacaonline.it\/index.php\/wp-json\/wp\/v2\/posts"}],"about":[{"href":"https:\/\/www.cronacaonline.it\/index.php\/wp-json\/wp\/v2\/types\/post"}],"author":[{"embeddable":true,"href":"https:\/\/www.cronacaonline.it\/index.php\/wp-json\/wp\/v2\/users\/2"}],"replies":[{"embeddable":true,"href":"https:\/\/www.cronacaonline.it\/index.php\/wp-json\/wp\/v2\/comments?post=226305"}],"version-history":[{"count":1,"href":"https:\/\/www.cronacaonline.it\/index.php\/wp-json\/wp\/v2\/posts\/226305\/revisions"}],"predecessor-version":[{"id":226306,"href":"https:\/\/www.cronacaonline.it\/index.php\/wp-json\/wp\/v2\/posts\/226305\/revisions\/226306"}],"wp:featuredmedia":[{"embeddable":true,"href":"https:\/\/www.cronacaonline.it\/index.php\/wp-json\/wp\/v2\/media\/192512"}],"wp:attachment":[{"href":"https:\/\/www.cronacaonline.it\/index.php\/wp-json\/wp\/v2\/media?parent=226305"}],"wp:term":[{"taxonomy":"category","embeddable":true,"href":"https:\/\/www.cronacaonline.it\/index.php\/wp-json\/wp\/v2\/categories?post=226305"},{"taxonomy":"post_tag","embeddable":true,"href":"https:\/\/www.cronacaonline.it\/index.php\/wp-json\/wp\/v2\/tags?post=226305"}],"curies":[{"name":"wp","href":"https:\/\/api.w.org\/{rel}","templated":true}]}}