{"id":226277,"date":"2022-09-01T14:32:26","date_gmt":"2022-09-01T12:32:26","guid":{"rendered":"https:\/\/www.cronacaonline.it\/?p=226277"},"modified":"2022-09-01T14:32:29","modified_gmt":"2022-09-01T12:32:29","slug":"serramanna-sopralluogo-degli-assessori-salaris-e-sanna-per-verificare-lo-stato-dei-lavori-del-ponte-ponti-nou","status":"publish","type":"post","link":"https:\/\/www.cronacaonline.it\/index.php\/2022\/09\/01\/serramanna-sopralluogo-degli-assessori-salaris-e-sanna-per-verificare-lo-stato-dei-lavori-del-ponte-ponti-nou\/","title":{"rendered":"Serramanna, sopralluogo degli assessori Salaris e Sanna per verificare lo stato dei lavori del ponte \u201cPonti Nou\u201d."},"content":{"rendered":"\n<p>Cagliari, 1 Sett 2022 \u2013\u00a0Si \u00e8 svolto questa mattina a Serramanna, alla presenza degli Assessori dei Lavori Pubblici, Aldo Salaris, e degli Enti locali, Quirico Sanna, il sopralluogo presso il ponte \u201cPonti nou\u201d, oggetto di importanti lavori di messa in sicurezza ed efficientamento dell\u2019opera e ora in procinto di essere riaperto. Si tratta di una infrastruttura risalente agli anni \u201950, oggetto di una sola ristrutturazione avvenuta negli anni \u201970 e chiuso da gennaio a causa di problemi di cedimento che hanno riguardato gli stalli laterali.<\/p>\n\n\n\n<p>\u201cAbbiamo accolto con favore la richiesta dell\u2019Amministrazione comunale per verificare lo stato dei lavori che procedono a ritmo spedito e che consentiranno a breve la transitabilit\u00e0 del ponte\u201d, ha spiegato l\u2019Assessore dei lavori Pubblici, Aldo Salaris, impegnato in queste settimane in una serie di sopralluoghi finalizzati a fare il punto sugli interventi avviati, su quelli in procinto di essere finanziati dalla Regione e sulle opere incompiute. \u201cL\u2019Assessorato dei Lavori Pubblici ha fin da subito prestato attenzione e valutato positivamente l\u2019esigenza di mettere in sicurezza un\u2019opera fondamentale per la Comunit\u00e0. Non solo: la Regione, riconoscendo la strategicit\u00e0 del ponte e la necessit\u00e0 di dotare il territorio di un infrastruttura moderna ed efficiente&nbsp;ha gi\u00e0 stanziato le risorse per la progettazione del nuovo ponte\u201d, ha evidenziato l\u2019Assessore Salaris.<\/p>\n\n\n\n<p>Il ponte collega il comune di Serramanna al resto del Medio Campidano e rappresenta una importante via di comunicazione e di collegamento perch\u00e9 viene utilizzato anche da chi lavora nell\u2019 Iglesiente. \u201cSerramanna \u00e8 un fiore all\u2019occhiello nella produzione agricola sarda e questo ponte storico, che collega appunto la cittadina all\u2019agro, \u00e8 fondamentale per chi opera in questo territorio\u201d, ha aggiunto l\u2019Assessore degli Enti locali. \u201cOggi \u2013 ha proseguito l\u2019Assessore - riportiamo questo ponte all\u2019efficienza che aveva e che deve necessariamente tornare ad avere, imprimendo quella doverosa accelerazione dei lavori che interrompe i disagi fino a oggi subiti dalla Comunit\u00e0\u201d, ha concluso l\u2019Assessore Sanna.<\/p>\n\n\n\n<p>Al sopralluogo \u00e8 seguito l\u2019incontro di carattere istituzionale avvenuto presso la sede del Comune, nel corso del quale i due esponenti della Giunta hanno fatto il punto della situazione rimarcando la vicinanza della Giunta sarda ai territori e la volont\u00e0 di proseguire sulla strada tracciata da inizio Legislatura, sostenendo gli Enti locali anche nel processo di modernizzazione infrastrutturale. Com<\/p>\n","protected":false},"excerpt":{"rendered":"<p>Cagliari, 1 Sett 2022 \u2013\u00a0Si \u00e8 svolto questa mattina a Serramanna, alla presenza degli Assessori dei Lavori Pubblici, Aldo Salaris, e degli Enti locali, Quirico&#8230;<\/p>\n","protected":false},"author":2,"featured_media":226278,"comment_status":"closed","ping_status":"open","sticky":false,"template":"","format":"standard","meta":[],"categories":[49,52],"tags":[],"_links":{"self":[{"href":"https:\/\/www.cronacaonline.it\/index.php\/wp-json\/wp\/v2\/posts\/226277"}],"collection":[{"href":"https:\/\/www.cronacaonline.it\/index.php\/wp-json\/wp\/v2\/posts"}],"about":[{"href":"https:\/\/www.cronacaonline.it\/index.php\/wp-json\/wp\/v2\/types\/post"}],"author":[{"embeddable":true,"href":"https:\/\/www.cronacaonline.it\/index.php\/wp-json\/wp\/v2\/users\/2"}],"replies":[{"embeddable":true,"href":"https:\/\/www.cronacaonline.it\/index.php\/wp-json\/wp\/v2\/comments?post=226277"}],"version-history":[{"count":1,"href":"https:\/\/www.cronacaonline.it\/index.php\/wp-json\/wp\/v2\/posts\/226277\/revisions"}],"predecessor-version":[{"id":226279,"href":"https:\/\/www.cronacaonline.it\/index.php\/wp-json\/wp\/v2\/posts\/226277\/revisions\/226279"}],"wp:featuredmedia":[{"embeddable":true,"href":"https:\/\/www.cronacaonline.it\/index.php\/wp-json\/wp\/v2\/media\/226278"}],"wp:attachment":[{"href":"https:\/\/www.cronacaonline.it\/index.php\/wp-json\/wp\/v2\/media?parent=226277"}],"wp:term":[{"taxonomy":"category","embeddable":true,"href":"https:\/\/www.cronacaonline.it\/index.php\/wp-json\/wp\/v2\/categories?post=226277"},{"taxonomy":"post_tag","embeddable":true,"href":"https:\/\/www.cronacaonline.it\/index.php\/wp-json\/wp\/v2\/tags?post=226277"}],"curies":[{"name":"wp","href":"https:\/\/api.w.org\/{rel}","templated":true}]}}